{"id":805,"date":"2024-11-10T17:14:50","date_gmt":"2024-11-10T17:14:50","guid":{"rendered":"https:\/\/expominerio.com.br\/?p=805"},"modified":"2024-11-10T17:14:50","modified_gmt":"2024-11-10T17:14:50","slug":"painel-mineracao-comunicacao-de-valor-destaca-a-importancia-da-aproximacao-entre-mineracao-e-sociedade","status":"publish","type":"post","link":"https:\/\/expominerio.com.br\/en\/painel-mineracao-comunicacao-de-valor-destaca-a-importancia-da-aproximacao-entre-mineracao-e-sociedade\/","title":{"rendered":"Painel &#8220;Minera\u00e7\u00e3o &amp; Comunica\u00e7\u00e3o de Valor&#8221; destaca a import\u00e2ncia da aproxima\u00e7\u00e3o entre minera\u00e7\u00e3o e sociedade"},"content":{"rendered":"<p><\/p>\n\n\n\n<p>Disney de Paula, jornalista e organizador da Expomin\u00e9rio, trouxe a experi\u00eancia do canal Minera MT, criado para expandir a vis\u00e3o p\u00fablica sobre o setor mineral<\/p>\n\n\n\n<p>BS COMUNICA\u00c7\u00c3O | Assessoria de Imprensa Expomin\u00e9rio 2024<\/p>\n\n\n\n<p>No \u00faltimo dia da 2\u00aa Expomin\u00e9rio, o painel &#8220;Minera\u00e7\u00e3o &amp; Comunica\u00e7\u00e3o de Valor&#8221; levantou a necessidade de o setor miner\u00e1rio aprimorar sua comunica\u00e7\u00e3o com a sociedade. Comunicadores discutiram como a minera\u00e7\u00e3o pode se tornar mais transparente e compreens\u00edvel para o p\u00fablico, promovendo uma rela\u00e7\u00e3o mais positiva e combatendo preconceitos enraizados.<\/p>\n\n\n\n<p>O CEO do Instituto Minere, Gustavo Cruz, abordou o desafio que o setor enfrenta ao se comunicar. Segundo ele, a minera\u00e7\u00e3o ainda opera \u201cdentro de uma bolha\u201d, com dificuldades para dialogar com quem est\u00e1 fora do setor. Cruz destacou que a comunica\u00e7\u00e3o precisa ir al\u00e9m da gera\u00e7\u00e3o de empregos e impostos, passando a enfatizar o legado que a minera\u00e7\u00e3o pode deixar para as comunidades locais, incluindo patrim\u00f4nios socioculturais e ambientais.<\/p>\n\n\n\n<p>\u201cA gera\u00e7\u00e3o de empregos \u00e9 uma obriga\u00e7\u00e3o da minera\u00e7\u00e3o, mas o desafio da comunica\u00e7\u00e3o no setor \u00e9 mostrar o que vai al\u00e9m disso: o legado que a atividade deixa para o territ\u00f3rio. Precisamos valorizar o que \u00e9 gerado, do impacto socioecon\u00f4mico ao patrim\u00f4nio cultural, indo al\u00e9m do \u00f3bvio e atendendo \u00e0s expectativas das comunidades\u201d.<\/p>\n\n\n\n<p>Ele tamb\u00e9m mencionou a import\u00e2ncia de adaptar a linguagem conforme o p\u00fablico: enquanto comunidades locais respondem bem a ve\u00edculos como o r\u00e1dio, relat\u00f3rios organizados e acess\u00edveis s\u00e3o essenciais para a Ag\u00eancia Nacional de Minera\u00e7\u00e3o (ANM).<\/p>\n\n\n\n<p>Disney de Paula, jornalista e organizador da Expomin\u00e9rio, trouxe a experi\u00eancia do canal Minera MT, criado para expandir a vis\u00e3o p\u00fablica sobre o setor mineral. Segundo ele, \u00e9 crucial \u201cquebrar o algoritmo\u201d que historicamente associa a minera\u00e7\u00e3o a uma imagem negativa.<\/p>\n\n\n\n<p>\u201cQuanto mais colegas vierem falar bem, porque tem not\u00edcias boas no setor, a gente vai furar a bolha, vai quebrar o algoritmo, porque se voc\u00ea dar um Google hoje e falar de garimpo, voc\u00ea s\u00f3 v\u00ea uma imagem negativa, s\u00f3 coisa ruim. Devido ao trabalho que a gente vem fazendo, j\u00e1 encontra coisas positivas nessa pesquisa da palavra garimpo\u201d.<\/p>\n\n\n\n<p>Ele destacou o impacto positivo de levar jornalistas de outras \u00e1reas para conhecer de perto a minera\u00e7\u00e3o. Para ele, essa proximidade ajuda a mudar percep\u00e7\u00f5es ao expor a import\u00e2ncia da atividade mineradora para o desenvolvimento das comunidades e do com\u00e9rcio local.<\/p>\n\n\n\n<p>A jornalista Raphaella Padilha compartilhou seu processo de mudan\u00e7a de percep\u00e7\u00e3o sobre o setor. Ela relatou a vis\u00e3o inicial negativa do garimpo, mas ao visitar Peixoto de Azevedo, conhecida como \u201cCidade do Ouro\u201d, se surpreendeu com a infraestrutura e o desenvolvimento econ\u00f4mico que o garimpo trouxe \u00e0 regi\u00e3o.<\/p>\n\n\n\n<p>\u201cA imagem que muitos t\u00eam do garimpo \u00e9 a de um lugar prec\u00e1rio, marcado por uma popula\u00e7\u00e3o flutuante, moradias tempor\u00e1rias e problemas sociais. Essa percep\u00e7\u00e3o negativa persiste at\u00e9 hoje. Em 1980, um primo do meu pai foi assassinado em Peixoto de Azevedo, e a cidade ficou marcada por essa mem\u00f3ria. Mas quando fui a Peixoto h\u00e1 alguns anos, vi um munic\u00edpio transformado: com infraestrutura, desenvolvimento, fruto do garimpo respons\u00e1vel. Peixoto \u00e9 outra, mas ainda carrega o estigma de ser um lugar problem\u00e1tico, quando na verdade \u00e9 uma cidade em pleno crescimento e mudan\u00e7a\u201d.<\/p>\n\n\n\n<p>A jornalista e assessora de imprensa da Fomentas Mining Company, Antonielle Costa, discutiu o trabalho interno de comunica\u00e7\u00e3o da empresa para desmistificar a imagem negativa da minera\u00e7\u00e3o. A Fomentas utiliza redes sociais para mostrar suas pr\u00e1ticas sustent\u00e1veis, engajando colaboradores como porta-vozes de uma minera\u00e7\u00e3o respons\u00e1vel.<\/p>\n\n\n\n<p>Antonielle acredita que esse tipo de engajamento ajuda a criar uma imagem mais transparente e socialmente comprometida, em que a sustentabilidade e a seguran\u00e7a ambiental s\u00e3o prioridades.<\/p>\n\n\n\n<p>Por fim, Jony Peterson, engenheiro de minas e criador do primeiro podcast de minera\u00e7\u00e3o no Brasil, refor\u00e7ou a necessidade de investir em comunica\u00e7\u00e3o como meio de educar o p\u00fablico e defender o setor de acusa\u00e7\u00f5es de ilegalidade. Para ele, \u00e9 fundamental que o setor se posicione com conhecimento e utilize novos canais de m\u00eddia para informar a sociedade. Peterson acredita que a\u00e7\u00f5es como o podcast s\u00e3o formas essenciais de \u201cfurar a bolha\u201d e promover uma minera\u00e7\u00e3o que dialogue com o p\u00fablico de maneira acess\u00edvel e direta.<\/p>\n\n\n\n<p>Sobre a Expomin\u00e9rio 2024<\/p>\n\n\n\n<p>A Expomin\u00e9rio 2024 contou com o patroc\u00ednio oficial do Governo de Mato Grosso, por meio da Secretaria de Estado de Desenvolvimento Econ\u00f4mico (Sedec) e da Companhia de Minera\u00e7\u00e3o de Mato Grosso (Metamat). Tamb\u00e9m tem patroc\u00ednio da Alpha Minerals e da Federa\u00e7\u00e3o das Cooperativas de Minera\u00e7\u00e3o de Mato Grosso (Fecomin), Azevedo Sette Advogados, Nexa, Keystone, Aura Apoena, Rio Caba\u00e7al Minera\u00e7\u00e3o, Ero Brasil Xavantina e Fomentas Mining Company.<\/p>\n\n\n\n<p>O evento conta com apoio institucional da Assembleia Legislativa de Mato Grosso (ALMT), Grupo de Trabalho da Minera\u00e7\u00e3o da ALMT, Frente Parlamentar da Minera\u00e7\u00e3o Sustent\u00e1vel (FPMin), Ag\u00eancia Nacional de Minera\u00e7\u00e3o (ANM), Instituto Brasileiro de Gemas &amp; Metais Preciosos (IBGM), Associa\u00e7\u00e3o dos Profissionais Ge\u00f3logos do Estado de Mato Grosso (Agemat), Federa\u00e7\u00e3o Brasileira dos Ge\u00f3logos (Febrageo), N\u00facleo de Minera\u00e7\u00e3o da USP (Nap.Minera\u00e7\u00e3o), C\u00e2mara de Com\u00e9rcio Brasil-Canad\u00e1, Universidade Federal de Mato Grosso (UFMT) e a Abrasel.<\/p>\n\n\n\n<p><\/p>","protected":false},"excerpt":{"rendered":"<p>Disney de Paula, jornalista e organizador da Expomin\u00e9rio, trouxe a experi\u00eancia do canal Minera MT, criado para expandir a vis\u00e3o p\u00fablica sobre o setor mineral BS COMUNICA\u00c7\u00c3O | Assessoria de Imprensa Expomin\u00e9rio 2024 No \u00faltimo dia da 2\u00aa Expomin\u00e9rio, o painel &#8220;Minera\u00e7\u00e3o &amp; Comunica\u00e7\u00e3o de Valor&#8221; levantou a necessidade de o setor miner\u00e1rio aprimorar sua [&hellip;]<\/p>\n","protected":false},"author":3,"featured_media":806,"comment_status":"open","ping_status":"open","sticky":false,"template":"","format":"standard","meta":{"_coblocks_attr":"","_coblocks_dimensions":"","_coblocks_responsive_height":"","_coblocks_accordion_ie_support":"","footnotes":""},"categories":[],"tags":[],"class_list":["post-805","post","type-post","status-publish","format-standard","has-post-thumbnail","hentry"],"_links":{"self":[{"href":"https:\/\/expominerio.com.br\/en\/wp-json\/wp\/v2\/posts\/805","targetHints":{"allow":["GET"]}}],"collection":[{"href":"https:\/\/expominerio.com.br\/en\/wp-json\/wp\/v2\/posts"}],"about":[{"href":"https:\/\/expominerio.com.br\/en\/wp-json\/wp\/v2\/types\/post"}],"author":[{"embeddable":true,"href":"https:\/\/expominerio.com.br\/en\/wp-json\/wp\/v2\/users\/3"}],"replies":[{"embeddable":true,"href":"https:\/\/expominerio.com.br\/en\/wp-json\/wp\/v2\/comments?post=805"}],"version-history":[{"count":1,"href":"https:\/\/expominerio.com.br\/en\/wp-json\/wp\/v2\/posts\/805\/revisions"}],"predecessor-version":[{"id":807,"href":"https:\/\/expominerio.com.br\/en\/wp-json\/wp\/v2\/posts\/805\/revisions\/807"}],"wp:featuredmedia":[{"embeddable":true,"href":"https:\/\/expominerio.com.br\/en\/wp-json\/wp\/v2\/media\/806"}],"wp:attachment":[{"href":"https:\/\/expominerio.com.br\/en\/wp-json\/wp\/v2\/media?parent=805"}],"wp:term":[{"taxonomy":"category","embeddable":true,"href":"https:\/\/expominerio.com.br\/en\/wp-json\/wp\/v2\/categories?post=805"},{"taxonomy":"post_tag","embeddable":true,"href":"https:\/\/expominerio.com.br\/en\/wp-json\/wp\/v2\/tags?post=805"}],"curies":[{"name":"wp","href":"https:\/\/api.w.org\/{rel}","templated":true}]}}