{"id":793,"date":"2024-11-09T15:37:33","date_gmt":"2024-11-09T15:37:33","guid":{"rendered":"https:\/\/expominerio.com.br\/?p=793"},"modified":"2024-11-09T15:37:33","modified_gmt":"2024-11-09T15:37:33","slug":"especialistas-abordam-seguranca-juridica-sobre-servidao-mineral-em-painel-na-2a-expominerio","status":"publish","type":"post","link":"https:\/\/expominerio.com.br\/en\/especialistas-abordam-seguranca-juridica-sobre-servidao-mineral-em-painel-na-2a-expominerio\/","title":{"rendered":"Especialistas abordam seguran\u00e7a jur\u00eddica sobre servid\u00e3o mineral em painel na 2\u00aa Expomin\u00e9rio"},"content":{"rendered":"<p class=\"has-text-align-center\"><em>O tema foi debatido em painel durante a 2\u00aa Expomin\u00e9rio, realizada neste s\u00e1bado (09.11)<\/em><\/p>\n\n\n\n<p>BS COMUNICA\u00c7\u00c3O | Assessoria de Imprensa Expomin\u00e9rio 2024<\/p>\n\n\n\n<p>Especialistas jur\u00eddicos do setor mineral discutiram as complexidades e os desafios de um tema crucial para a minera\u00e7\u00e3o no Brasil: a servid\u00e3o mineral. Esse instrumento jur\u00eddico, que permite o uso de terras privadas para atividades miner\u00e1rias de utilidade p\u00fablica, est\u00e1 no centro de uma busca constante por seguran\u00e7a jur\u00eddica e efici\u00eancia operacional, sobretudo diante de desafios ambientais e quest\u00f5es de propriedade. O tema foi debatido em painel durante a 2\u00aa Expomin\u00e9rio, realizada neste s\u00e1bado (09.11).<\/p>\n\n\n\n<p>O advogado F\u00e1bio Figueiredo, da OAB Federal, esclareceu que a servid\u00e3o mineral difere da servid\u00e3o civil por seu car\u00e1ter de utilidade p\u00fablica, que permite que a atividade miner\u00e1ria prevale\u00e7a sobre os interesses do propriet\u00e1rio do im\u00f3vel.<\/p>\n\n\n\n<p>\u201cNa servid\u00e3o civil, a rela\u00e7\u00e3o \u00e9 entre propriedades, como uma servid\u00e3o de passagem. J\u00e1 na servid\u00e3o miner\u00e1ria, o interesse p\u00fablico \u00e9 o que fundamenta esse direito\u201d, explicou F\u00e1bio. Ele compartilhou um caso de uma mineradora em Sabar\u00e1, Minas Gerais, onde enfrentou dificuldades devido \u00e0 complexa cadeia sucess\u00f3ria do im\u00f3vel, mas conseguiu avan\u00e7ar com uma liminar para posse da \u00e1rea.<\/p>\n\n\n\n<p>O gerente jur\u00eddico da Nexa, Guilherme Sim\u00f5es, destacou que a servid\u00e3o mineral \u00e9 uma ferramenta fundamental para assegurar o acesso \u00e0s \u00e1reas necess\u00e1rias para pesquisa e lavra. Ele ressaltou que a inclus\u00e3o de \u00e1reas fora da poligonal de concess\u00e3o, como barragens de rejeitos, ainda \u00e9 uma quest\u00e3o delicada.<\/p>\n\n\n\n<p>\u201cAo buscar uma servid\u00e3o para essas \u00e1reas, conseguimos demonstrar que elas s\u00e3o essenciais para o empreendimento, o que fortalece a seguran\u00e7a jur\u00eddica\u201d, pontuou. Guilherme tamb\u00e9m comentou o recente Decreto 9.416, que trouxe avan\u00e7os na regulamenta\u00e7\u00e3o da servid\u00e3o e enfatizou a import\u00e2ncia da Declara\u00e7\u00e3o de Utilidade P\u00fablica (DUP), j\u00e1 comum em outros setores regulados, como energia e telecomunica\u00e7\u00f5es.<\/p>\n\n\n\n<p>Respons\u00e1vel pelas opera\u00e7\u00f5es da Keystone no Brasil, Anderson Resende, abordou o tema da servid\u00e3o sob a \u00f3tica empresarial, ressaltando que a seguran\u00e7a jur\u00eddica \u00e9 um fator decisivo para o investimento estrangeiro no Brasil. Segundo ele, investidores procuram regi\u00f5es que ofere\u00e7am garantias, e a aus\u00eancia de clareza na legisla\u00e7\u00e3o pode impactar negativamente o interesse de capital externo.<\/p>\n\n\n\n<p>\u201cViabilidade t\u00e9cnica e econ\u00f4mica n\u00e3o s\u00e3o suficientes; sem seguran\u00e7a jur\u00eddica, o investimento n\u00e3o se concretiza, o que afeta diretamente o desenvolvimento da comunidade local\u201d, afirmou Anderson, refor\u00e7ando que a servid\u00e3o mineral \u00e9 uma ferramenta que gera maior estabilidade para investidores.<\/p>\n\n\n\n<p><em>Sobre a Expomin\u00e9rio 2024<\/em><\/p>\n\n\n\n<p>A Expomin\u00e9rio 2024 conta com o patroc\u00ednio oficial do Governo de Mato Grosso, por meio da Secretaria de Estado de Desenvolvimento Econ\u00f4mico (Sedec) e da Companhia de Minera\u00e7\u00e3o de Mato Grosso (Metamat). Tamb\u00e9m tem patroc\u00ednio da Alpha Minerals e da Federa\u00e7\u00e3o das Cooperativas de Minera\u00e7\u00e3o de Mato Grosso (Fecomin), Azevedo Sette Advogados, Nexa, Keystone, Aura Apoena, Rio Caba\u00e7al Minera\u00e7\u00e3o, Ero Brasil Xavantina e Fomentas Mining Company.<\/p>\n\n\n\n<p>O evento conta com apoio institucional da Assembleia Legislativa de Mato Grosso (ALMT), Grupo de Trabalho da Minera\u00e7\u00e3o da ALMT, Frente Parlamentar da Minera\u00e7\u00e3o Sustent\u00e1vel (FPMin), Ag\u00eancia Nacional de Minera\u00e7\u00e3o (ANM), Instituto Brasileiro de Gemas &amp; Metais Preciosos (IBGM), Associa\u00e7\u00e3o dos Profissionais Ge\u00f3logos do Estado de Mato Grosso (Agemat), Federa\u00e7\u00e3o Brasileira dos Ge\u00f3logos (Febrageo), N\u00facleo de Minera\u00e7\u00e3o da USP (Nap.Minera\u00e7\u00e3o), C\u00e2mara de Com\u00e9rcio Brasil-Canad\u00e1, Universidade Federal de Mato Grosso (UFMT) e a Abrasel.<\/p>","protected":false},"excerpt":{"rendered":"<p>O tema foi debatido em painel durante a 2\u00aa Expomin\u00e9rio, realizada neste s\u00e1bado (09.11) BS COMUNICA\u00c7\u00c3O | Assessoria de Imprensa Expomin\u00e9rio 2024 Especialistas jur\u00eddicos do setor mineral discutiram as complexidades e os desafios de um tema crucial para a minera\u00e7\u00e3o no Brasil: a servid\u00e3o mineral. Esse instrumento jur\u00eddico, que permite o uso de terras privadas [&hellip;]<\/p>\n","protected":false},"author":3,"featured_media":794,"comment_status":"open","ping_status":"open","sticky":false,"template":"","format":"standard","meta":{"_coblocks_attr":"","_coblocks_dimensions":"","_coblocks_responsive_height":"","_coblocks_accordion_ie_support":"","footnotes":""},"categories":[],"tags":[],"class_list":["post-793","post","type-post","status-publish","format-standard","has-post-thumbnail","hentry"],"_links":{"self":[{"href":"https:\/\/expominerio.com.br\/en\/wp-json\/wp\/v2\/posts\/793","targetHints":{"allow":["GET"]}}],"collection":[{"href":"https:\/\/expominerio.com.br\/en\/wp-json\/wp\/v2\/posts"}],"about":[{"href":"https:\/\/expominerio.com.br\/en\/wp-json\/wp\/v2\/types\/post"}],"author":[{"embeddable":true,"href":"https:\/\/expominerio.com.br\/en\/wp-json\/wp\/v2\/users\/3"}],"replies":[{"embeddable":true,"href":"https:\/\/expominerio.com.br\/en\/wp-json\/wp\/v2\/comments?post=793"}],"version-history":[{"count":1,"href":"https:\/\/expominerio.com.br\/en\/wp-json\/wp\/v2\/posts\/793\/revisions"}],"predecessor-version":[{"id":795,"href":"https:\/\/expominerio.com.br\/en\/wp-json\/wp\/v2\/posts\/793\/revisions\/795"}],"wp:featuredmedia":[{"embeddable":true,"href":"https:\/\/expominerio.com.br\/en\/wp-json\/wp\/v2\/media\/794"}],"wp:attachment":[{"href":"https:\/\/expominerio.com.br\/en\/wp-json\/wp\/v2\/media?parent=793"}],"wp:term":[{"taxonomy":"category","embeddable":true,"href":"https:\/\/expominerio.com.br\/en\/wp-json\/wp\/v2\/categories?post=793"},{"taxonomy":"post_tag","embeddable":true,"href":"https:\/\/expominerio.com.br\/en\/wp-json\/wp\/v2\/tags?post=793"}],"curies":[{"name":"wp","href":"https:\/\/api.w.org\/{rel}","templated":true}]}}