{"id":783,"date":"2024-11-09T15:23:22","date_gmt":"2024-11-09T15:23:22","guid":{"rendered":"https:\/\/expominerio.com.br\/?p=783"},"modified":"2024-11-09T15:29:36","modified_gmt":"2024-11-09T15:29:36","slug":"painel-na-expominerio-debate-integracao-e-regulacao-na-mineracao-de-mt","status":"publish","type":"post","link":"https:\/\/expominerio.com.br\/en\/painel-na-expominerio-debate-integracao-e-regulacao-na-mineracao-de-mt\/","title":{"rendered":"Painel na Expomin\u00e9rio debate integra\u00e7\u00e3o e regula\u00e7\u00e3o na minera\u00e7\u00e3o de MT"},"content":{"rendered":"<p class=\"has-text-align-center\"><em>O painel trouxe reflex\u00f5es importantes sobre os desafios e a integra\u00e7\u00e3o de diferentes setores na cadeia mineral em Mato Grosso<\/em><br><br><\/p>\n\n\n\n<p class=\"has-text-align-left\">BS COMUNICA\u00c7\u00c3O | Assessoria de Imprensa Expomin\u00e9rio 2024<\/p>\n\n\n\n<p>O painel &#8220;Minera\u00e7\u00e3o e Stakeholders&#8221;, realizado na 2\u00aa Expomin\u00e9rio nesta sexta-feira (08.11), trouxe reflex\u00f5es importantes sobre os desafios e a integra\u00e7\u00e3o de diferentes setores na cadeia mineral em Mato Grosso. Humberto Paiva de Oliveira, coordenador do escrit\u00f3rio regional da Metamat em Guarant\u00e3 do Norte, destacou o papel fundamental da Federa\u00e7\u00e3o das Cooperativas do Mato Grosso e as estrat\u00e9gias de alinhamento entre as diversas partes interessadas, os chamados stakeholders, na busca por um desenvolvimento equilibrado e legalizado da atividade garimpeira.<\/p>\n\n\n\n<p>Segundo Oliveira, a atua\u00e7\u00e3o da Federa\u00e7\u00e3o tem focado em aproximar atores essenciais da cadeia de minera\u00e7\u00e3o, incluindo parlamentares, \u00f3rg\u00e3os reguladores e a comunidade local. Ele ressaltou que essa integra\u00e7\u00e3o \u00e9 crucial para o fortalecimento do setor e citou a aproxima\u00e7\u00e3o com frentes parlamentares como a de Minera\u00e7\u00e3o Sustent\u00e1vel e a do Cooperativismo. Essas parcerias buscam harmonizar legisla\u00e7\u00f5es e defender os interesses da atividade garimpeira, especialmente no que diz respeito \u00e0 minera\u00e7\u00e3o de pequena e m\u00e9dia escala.<\/p>\n\n\n\n<p>\u201cO trabalho de mapear e desenhar estrat\u00e9gias com os stakeholders \u00e9 essencial para convergir interesses e fortalecer o setor. Por exemplo, conseguimos apoio para algumas pautas importantes que resultaram em vit\u00f3rias para a minera\u00e7\u00e3o em pequena escala\u201d, explicou Humberto Oliveira, destacando a relev\u00e2ncia de ter regras claras e exequ\u00edveis. \u201cQuando temos legisla\u00e7\u00f5es bem definidas e aplic\u00e1veis, tanto o empreendedor quanto o Estado ganham, e isso permite que a minera\u00e7\u00e3o siga de forma legal e respons\u00e1vel\u201d, afirmou.<\/p>\n\n\n\n<p>Humberto apontou, contudo, que ainda h\u00e1 barreiras regulat\u00f3rias que dificultam a formaliza\u00e7\u00e3o e o reconhecimento pleno da atividade garimpeira, apesar das legisla\u00e7\u00f5es e normas vigentes, como o Estatuto do Garimpeiro, institu\u00eddo em 2008. Outro tema levantado no painel foi a necessidade de expandir o mapeamento geol\u00f3gico no estado.<\/p>\n\n\n\n<p>\u201cPrecisamos entender melhor o potencial geol\u00f3gico de Mato Grosso para orientar investimentos de forma mais precisa\u201d, disse Oliveira.<\/p>\n\n\n\n<p>O painel tamb\u00e9m abordou quest\u00f5es relacionadas ao ESG e os projetos de grandes mineradoras que operam no estado, como a Nexa e a Aura Minerals, que t\u00eam contribu\u00eddo para o desenvolvimento econ\u00f4mico regional e trazido boas pr\u00e1ticas de governan\u00e7a ambiental. Ele ressaltou ainda a import\u00e2ncia da participa\u00e7\u00e3o de diversas entidades, incluindo universidades, para fomentar a pesquisa mineral e agregar valor ao setor.<\/p>\n\n\n\n<p>O advogado s\u00eanior da Aura Minerals e presidente da Comiss\u00e3o de Assuntos Miner\u00e1rios da OAB Par\u00e1, Caio Brilhante, abordou como a minera\u00e7\u00e3o contempor\u00e2nea precisa ir al\u00e9m do cumprimento de exig\u00eancias legais e ambientais, envolvendo-se ativamente com todos os grupos direta ou indiretamente afetados pela opera\u00e7\u00e3o, visando a sustentabilidade e longevidade dos empreendimentos.<\/p>\n\n\n\n<p>\u201cA boa gest\u00e3o de stakeholders internos e externos \u00e9 uma quest\u00e3o de sobreviv\u00eancia para as empresas do setor miner\u00e1rio hoje em dia. Isso abrange desde a comunidade local at\u00e9 quest\u00f5es de reten\u00e7\u00e3o interna de talentos. A gest\u00e3o cuidadosa dessas rela\u00e7\u00f5es contribui para reduzir o turnover, al\u00e9m de fortalecer a licen\u00e7a social para operar, indo al\u00e9m das exig\u00eancias formais de licenciamento ambiental\u201d, explicou o advogado.<\/p>\n\n\n\n<p>Segundo o palestrante, a necessidade de uma comunica\u00e7\u00e3o transparente e cont\u00ednua \u00e9 fundamental para o fortalecimento do relacionamento entre a mineradora e a sociedade.<\/p>\n\n\n\n<p>\u201cA transpar\u00eancia e o legado positivo s\u00e3o fundamentais, pois a fun\u00e7\u00e3o social de uma mineradora n\u00e3o deve se limitar ao lucro dos acionistas, mas deve tamb\u00e9m impactar positivamente a comunidade e a sociedade\u201d, destacou.<\/p>\n\n\n\n<p>Ele enfatizou ainda a relev\u00e2ncia do &#8220;S&#8221; no conceito ESG (Environmental, Social, and Governance), afirmando que \u00e9 essencial que as mineradoras n\u00e3o apenas cumpram normas e regulamenta\u00e7\u00f5es, mas tamb\u00e9m se comprometam com o bem-estar social das \u00e1reas em que atuam.<\/p>\n\n\n\n<p>Tamb\u00e9m comp\u00f4s o painel o advogado Alexandre Sion, da Sion Advogados.<\/p>\n\n\n\n<p><em>Sobre a Expomin\u00e9rio 2024<\/em><\/p>\n\n\n\n<p>A Expomin\u00e9rio 2024 segue com programa\u00e7\u00e3o at\u00e9 s\u00e1bado (09.11), com hor\u00e1rio para visita\u00e7\u00e3o das 8h \u00e0s 20h, no Centro de Eventos do Pantanal, al\u00e9m de palestras e cursos. O evento conta com o patroc\u00ednio oficial do Governo de Mato Grosso, por meio da Secretaria de Estado de Desenvolvimento Econ\u00f4mico (Sedec) e da Companhia de Minera\u00e7\u00e3o de Mato Grosso (Metamat). Tamb\u00e9m tem patroc\u00ednio da Alpha Minerals e da Federa\u00e7\u00e3o das Cooperativas de Minera\u00e7\u00e3o de Mato Grosso (Fecomin), Azevedo Sette Advogados, Nexa, Keystone, Aura Apoena, Rio Caba\u00e7al Minera\u00e7\u00e3o, Ero Brasil Xavantina e Fomentas Mining Company.<\/p>\n\n\n\n<p>O evento conta com apoio institucional da Assembleia Legislativa de Mato Grosso (ALMT), Grupo de Trabalho da Minera\u00e7\u00e3o da ALMT, Frente Parlamentar da Minera\u00e7\u00e3o Sustent\u00e1vel (FPMin), Ag\u00eancia Nacional de Minera\u00e7\u00e3o (ANM), Instituto Brasileiro de Gemas &amp; Metais Preciosos (IBGM), Associa\u00e7\u00e3o dos Profissionais Ge\u00f3logos do Estado de Mato Grosso (Agemat), Federa\u00e7\u00e3o Brasileira dos Ge\u00f3logos (Febrageo), N\u00facleo de Minera\u00e7\u00e3o da USP (Nap.Minera\u00e7\u00e3o), C\u00e2mara de Com\u00e9rcio Brasil-Canad\u00e1, Universidade Federal de Mato Grosso (UFMT) e a Abrasel.<\/p>","protected":false},"excerpt":{"rendered":"<p>O painel trouxe reflex\u00f5es importantes sobre os desafios e a integra\u00e7\u00e3o de diferentes setores na cadeia mineral em Mato Grosso BS COMUNICA\u00c7\u00c3O | Assessoria de Imprensa Expomin\u00e9rio 2024 O painel &#8220;Minera\u00e7\u00e3o e Stakeholders&#8221;, realizado na 2\u00aa Expomin\u00e9rio nesta sexta-feira (08.11), trouxe reflex\u00f5es importantes sobre os desafios e a integra\u00e7\u00e3o de diferentes setores na cadeia mineral [&hellip;]<\/p>\n","protected":false},"author":3,"featured_media":784,"comment_status":"open","ping_status":"open","sticky":false,"template":"","format":"standard","meta":{"_coblocks_attr":"","_coblocks_dimensions":"","_coblocks_responsive_height":"","_coblocks_accordion_ie_support":"","footnotes":""},"categories":[],"tags":[],"class_list":["post-783","post","type-post","status-publish","format-standard","has-post-thumbnail","hentry"],"_links":{"self":[{"href":"https:\/\/expominerio.com.br\/en\/wp-json\/wp\/v2\/posts\/783","targetHints":{"allow":["GET"]}}],"collection":[{"href":"https:\/\/expominerio.com.br\/en\/wp-json\/wp\/v2\/posts"}],"about":[{"href":"https:\/\/expominerio.com.br\/en\/wp-json\/wp\/v2\/types\/post"}],"author":[{"embeddable":true,"href":"https:\/\/expominerio.com.br\/en\/wp-json\/wp\/v2\/users\/3"}],"replies":[{"embeddable":true,"href":"https:\/\/expominerio.com.br\/en\/wp-json\/wp\/v2\/comments?post=783"}],"version-history":[{"count":2,"href":"https:\/\/expominerio.com.br\/en\/wp-json\/wp\/v2\/posts\/783\/revisions"}],"predecessor-version":[{"id":789,"href":"https:\/\/expominerio.com.br\/en\/wp-json\/wp\/v2\/posts\/783\/revisions\/789"}],"wp:featuredmedia":[{"embeddable":true,"href":"https:\/\/expominerio.com.br\/en\/wp-json\/wp\/v2\/media\/784"}],"wp:attachment":[{"href":"https:\/\/expominerio.com.br\/en\/wp-json\/wp\/v2\/media?parent=783"}],"wp:term":[{"taxonomy":"category","embeddable":true,"href":"https:\/\/expominerio.com.br\/en\/wp-json\/wp\/v2\/categories?post=783"},{"taxonomy":"post_tag","embeddable":true,"href":"https:\/\/expominerio.com.br\/en\/wp-json\/wp\/v2\/tags?post=783"}],"curies":[{"name":"wp","href":"https:\/\/api.w.org\/{rel}","templated":true}]}}