{"id":774,"date":"2024-11-09T01:43:22","date_gmt":"2024-11-09T01:43:22","guid":{"rendered":"https:\/\/expominerio.com.br\/?p=774"},"modified":"2024-11-09T01:43:22","modified_gmt":"2024-11-09T01:43:22","slug":"painel-aponta-que-licenciamento-ambiental-e-fundamental-no-processo-minerario","status":"publish","type":"post","link":"https:\/\/expominerio.com.br\/en\/painel-aponta-que-licenciamento-ambiental-e-fundamental-no-processo-minerario\/","title":{"rendered":"Painel aponta que licenciamento ambiental \u00e9 fundamental no processo miner\u00e1rio"},"content":{"rendered":"<p><\/p>\n\n\n\n<p><em>O painel reuniu quatro especialistas para discutir o assunto durante a 2\u00aa Expomin\u00e9rio<\/em><\/p>\n\n\n\n<p>BS COMUNICA\u00c7\u00c3O | Assessoria de Imprensa Expomin\u00e9rio 2024<\/p>\n\n\n\n<p>O licenciamento ambiental e o processo miner\u00e1rio foram temas de um painel durante a 2\u00aa Expomin\u00e9rio e reuniu quatro especialistas, dentre representantes da Secretaria de Estado de Meio Ambiente (Sema), Ag\u00eancia Nacional da Minera\u00e7\u00e3o (ANM), advogados e respons\u00e1vel pelas opera\u00e7\u00f5es de uma mineradora.<\/p>\n\n\n\n<p>A ge\u00f3loga e analista ambiental da Sema, Sheila Klener, abordou a complexidade do processo de minera\u00e7\u00e3o, que come\u00e7a com o direito miner\u00e1rio e passa pelo recebimento da licen\u00e7a ambiental at\u00e9 a obten\u00e7\u00e3o da licen\u00e7a de opera\u00e7\u00e3o.<\/p>\n\n\n\n<p>&#8220;A minera\u00e7\u00e3o \u00e9 um setor feito de sonhos e ousadia. Para extrair recursos minerais, \u00e9 preciso enfrentar um longo caminho de exig\u00eancias legais e burocr\u00e1ticas. Contudo, \u00e9 necess\u00e1rio mineradores respons\u00e1veis e de profissionais como ge\u00f3logos, engenheiros de minas e florestais, advogados e outros t\u00e9cnicos para garantir que a minera\u00e7\u00e3o seja respeitada e reconhecida pela sociedade\u201d.<\/p>\n\n\n\n<p>Sheila Klener destacou a import\u00e2ncia da minera\u00e7\u00e3o respons\u00e1vel, que respeita o meio ambiente e se adequa \u00e0s leis, como a recente legisla\u00e7\u00e3o sobre a realoca\u00e7\u00e3o de Reserva Legal.<\/p>\n\n\n\n<p>\u201cPrecisamos mostrar \u00e0 sociedade que a minera\u00e7\u00e3o n\u00e3o \u00e9 um mal em si. Como toda atividade, h\u00e1 bons e maus profissionais, mas os recursos minerais s\u00e3o fundamentais para o nosso cotidiano. \u00c9 essencial que a sociedade compreenda a relev\u00e2ncia desse setor e que os profissionais busquem sempre uma postura respons\u00e1vel e transparente\u201d.<\/p>\n\n\n\n<p>A chefe da Divis\u00e3o de Outorga de T\u00edtulos Miner\u00e1rios da Ag\u00eancia Nacional de Minera\u00e7\u00e3o (ANM) de Mato Grosso, Elina Maria de Figueiredo, refor\u00e7ou o papel da ag\u00eancia no processo inicial de outorga de t\u00edtulos miner\u00e1rios.<\/p>\n\n\n\n<p>\u201cTudo come\u00e7a na outorga, onde os requerimentos, como licenciamento, autoriza\u00e7\u00e3o de pesquisa e permiss\u00e3o de lavra, s\u00e3o submetidos e analisados. Este processo \u00e9 crucial para definir o regime de extra\u00e7\u00e3o e garantir a legalidade das opera\u00e7\u00f5es, sendo o primeiro passo para que uma mineradora possa explorar determinada \u00e1rea\u201d.<\/p>\n\n\n\n<p>Para Elina, Expomin\u00e9rio \u00e9 um divisor de \u00e1guas para Mato Grosso ao reunir toda a cadeia do setor mineral para discutir os desafios e oportunidades do setor, levando mais conhecimento para a sociedade, furando a bolha do setor falar apenas com eles mesmo.<\/p>\n\n\n\n<p>\u201cA Expomin\u00e9rio est\u00e1 mostrando Mato Grosso para o mundo, atraindo investidores e fomentando o interesse de empresas que desejam atuar no Estado. A visibilidade proporcionada por eventos desse porte fortalece o setor mineral e oferece oportunidades para o desenvolvimento econ\u00f4mico de Mato Grosso\u201d.<\/p>\n\n\n\n<p><em>Sobre a Expomin\u00e9rio 2024<\/em><\/p>\n\n\n\n<p>A Expomin\u00e9rio 2024 segue com programa\u00e7\u00e3o at\u00e9 s\u00e1bado (09.11), com hor\u00e1rio para visita\u00e7\u00e3o das 8h \u00e0s 20h, no Centro de Eventos do Pantanal, al\u00e9m de palestras e cursos. O evento conta com o patroc\u00ednio oficial do Governo de Mato Grosso, por meio da Secretaria de Estado de Desenvolvimento Econ\u00f4mico (Sedec) e da Companhia de Minera\u00e7\u00e3o de Mato Grosso (Metamat). Tamb\u00e9m tem patroc\u00ednio da Alpha Minerals e da Federa\u00e7\u00e3o das Cooperativas de Minera\u00e7\u00e3o de Mato Grosso (Fecomin), Azevedo Sette Advogados, Nexa, Keystone, Aura Apoena, Rio Caba\u00e7al Minera\u00e7\u00e3o, Ero Brasil Xavantina e Fomentas Mining Company.<\/p>\n\n\n\n<p>O evento conta com apoio institucional da Assembleia Legislativa de Mato Grosso (ALMT), Grupo de Trabalho da Minera\u00e7\u00e3o da ALMT, Frente Parlamentar da Minera\u00e7\u00e3o Sustent\u00e1vel (FPMin), Ag\u00eancia Nacional de Minera\u00e7\u00e3o (ANM), Instituto Brasileiro de Gemas &amp; Metais Preciosos (IBGM), Associa\u00e7\u00e3o dos Profissionais Ge\u00f3logos do Estado de Mato Grosso (Agemat), Federa\u00e7\u00e3o Brasileira dos Ge\u00f3logos (Febrageo), N\u00facleo de Minera\u00e7\u00e3o da USP (Nap.Minera\u00e7\u00e3o), C\u00e2mara de Com\u00e9rcio Brasil-Canad\u00e1, Universidade Federal de Mato Grosso (UFMT) e a Abrasel.<\/p>","protected":false},"excerpt":{"rendered":"<p>O painel reuniu quatro especialistas para discutir o assunto durante a 2\u00aa Expomin\u00e9rio BS COMUNICA\u00c7\u00c3O | Assessoria de Imprensa Expomin\u00e9rio 2024 O licenciamento ambiental e o processo miner\u00e1rio foram temas de um painel durante a 2\u00aa Expomin\u00e9rio e reuniu quatro especialistas, dentre representantes da Secretaria de Estado de Meio Ambiente (Sema), Ag\u00eancia Nacional da Minera\u00e7\u00e3o [&hellip;]<\/p>\n","protected":false},"author":3,"featured_media":775,"comment_status":"open","ping_status":"open","sticky":false,"template":"","format":"standard","meta":{"_coblocks_attr":"","_coblocks_dimensions":"","_coblocks_responsive_height":"","_coblocks_accordion_ie_support":"","footnotes":""},"categories":[],"tags":[],"class_list":["post-774","post","type-post","status-publish","format-standard","has-post-thumbnail","hentry"],"_links":{"self":[{"href":"https:\/\/expominerio.com.br\/en\/wp-json\/wp\/v2\/posts\/774","targetHints":{"allow":["GET"]}}],"collection":[{"href":"https:\/\/expominerio.com.br\/en\/wp-json\/wp\/v2\/posts"}],"about":[{"href":"https:\/\/expominerio.com.br\/en\/wp-json\/wp\/v2\/types\/post"}],"author":[{"embeddable":true,"href":"https:\/\/expominerio.com.br\/en\/wp-json\/wp\/v2\/users\/3"}],"replies":[{"embeddable":true,"href":"https:\/\/expominerio.com.br\/en\/wp-json\/wp\/v2\/comments?post=774"}],"version-history":[{"count":1,"href":"https:\/\/expominerio.com.br\/en\/wp-json\/wp\/v2\/posts\/774\/revisions"}],"predecessor-version":[{"id":776,"href":"https:\/\/expominerio.com.br\/en\/wp-json\/wp\/v2\/posts\/774\/revisions\/776"}],"wp:featuredmedia":[{"embeddable":true,"href":"https:\/\/expominerio.com.br\/en\/wp-json\/wp\/v2\/media\/775"}],"wp:attachment":[{"href":"https:\/\/expominerio.com.br\/en\/wp-json\/wp\/v2\/media?parent=774"}],"wp:term":[{"taxonomy":"category","embeddable":true,"href":"https:\/\/expominerio.com.br\/en\/wp-json\/wp\/v2\/categories?post=774"},{"taxonomy":"post_tag","embeddable":true,"href":"https:\/\/expominerio.com.br\/en\/wp-json\/wp\/v2\/tags?post=774"}],"curies":[{"name":"wp","href":"https:\/\/api.w.org\/{rel}","templated":true}]}}