{"id":771,"date":"2024-11-09T01:41:49","date_gmt":"2024-11-09T01:41:49","guid":{"rendered":"https:\/\/expominerio.com.br\/?p=771"},"modified":"2024-11-09T01:41:49","modified_gmt":"2024-11-09T01:41:49","slug":"solucao-para-conflitos-socioambientais-na-mineracao-passam-pelo-licenciamento-do-setor","status":"publish","type":"post","link":"https:\/\/expominerio.com.br\/en\/solucao-para-conflitos-socioambientais-na-mineracao-passam-pelo-licenciamento-do-setor\/","title":{"rendered":"Solu\u00e7\u00e3o para conflitos socioambientais na minera\u00e7\u00e3o passam pelo licenciamento do setor"},"content":{"rendered":"<p><\/p>\n\n\n\n<p>BS COMUNICA\u00c7\u00c3O | Assessoria de Imprensa Expomin\u00e9rio 2024<\/p>\n\n\n\n<p>No painel &#8220;Minera\u00e7\u00e3o e Conflitos Socioambientais&#8221;, apresentado na tarde desta sexta-feira (08.11) na 2\u00aa Expomin\u00e9rio, a superintendente do Ibama em Mato Grosso, Cibele Madalena Xavier; a advogada especialista em Meio Ambiente, Tatiane Monteiro; e o mestre em Direito Ambiental, Werner Grau, ofereceram insights valiosos sobre o tema e compartilharam suas vis\u00f5es sobre os desafios e as possibilidades de uma minera\u00e7\u00e3o respons\u00e1vel.<\/p>\n\n\n\n<p>A superintendente do Ibama destacou a import\u00e2ncia do licenciamento ambiental como ferramenta crucial para a minimiza\u00e7\u00e3o de impactos negativos da minera\u00e7\u00e3o. Segundo Cibele Xavier, um processo bem conduzido pode n\u00e3o apenas mitigar danos, mas tamb\u00e9m gerar benef\u00edcios ambientais.<\/p>\n\n\n\n<p>&#8220;Sem o licenciamento, os impactos ser\u00e3o sempre negativos. Mas com ele, e com as informa\u00e7\u00f5es t\u00e9cnicas necess\u00e1rias, temos ganhos ambientais&#8221;, afirmou.<\/p>\n\n\n\n<p>Ela enfatizou a necessidade de uma vis\u00e3o macro por parte dos empreendedores, incentivando uma mudan\u00e7a de paradigma onde a legalidade e a responsabilidade socioambiental andem juntas.<\/p>\n\n\n\n<p>&#8220;Quanto mais pessoas estiverem dentro da legalidade, muito melhor para o meio ambiente&#8221;, completou Xavier, ressaltando a import\u00e2ncia do papel fiscalizador do Ibama e do poder de pol\u00edcia ambiental.<\/p>\n\n\n\n<p>J\u00e1 Werner Grau abordou os desafios socioambientais inerentes \u00e0 atividade miner\u00e1ria, especialmente em \u00e1reas de prote\u00e7\u00e3o e envolvendo comunidades tradicionais e povos ind\u00edgenas. Grau alertou para os perigos da &#8220;licen\u00e7a social&#8221;, que, segundo ele, pode desvirtuar o foco da legalidade e do interesse p\u00fablico.<\/p>\n\n\n\n<p>&#8220;Vivemos em uma sociedade l\u00edquida, onde tudo \u00e9 fruto de narrativa e n\u00e3o mais da verdade. A licen\u00e7a social \u00e9 um fen\u00f4meno perigos\u00edssimo, porque desloca o centro da discuss\u00e3o daquilo que se criou como norte, que \u00e9 a nossa estrutura social. N\u00f3s criamos um sistema, e de repente n\u00e3o serve mais, porque eu tenho que olhar para outros aspectos minorizados. O problema \u00e9 que chega um momento em que isso desborda para a narrativa e n\u00e3o para a verdade. Que isso desborda para uma nega\u00e7\u00e3o do interesse p\u00fablico, do interesse da sociedade em nome de um interesse privado, em nome de um interesse concentrado. Isso \u00e9 muito perigoso. N\u00f3s temos um momento de grande indaga\u00e7\u00e3o jur\u00eddica\u201d.<\/p>\n\n\n\n<p>Grau tamb\u00e9m expressou seu carinho pelo Mato Grosso, elogiando a capacidade do estado de conjugar desenvolvimento econ\u00f4mico com conserva\u00e7\u00e3o ambiental.<\/p>\n\n\n\n<p>&#8220;Mato Grosso tem um lugar cativo no debate. Temos agro, minera\u00e7\u00e3o, ind\u00fastria e servi\u00e7os, e \u00e9 aqui que se produz o que o Brasil precisa. Precisamos focar no interesse p\u00fablico e nas tecnologias que permitam o desenvolvimento sustent\u00e1vel das duas atividades&#8221;.<\/p>\n\n\n\n<p><em>Sobre a Expomin\u00e9rio 2024<\/em><\/p>\n\n\n\n<p>A Expomin\u00e9rio 2024 segue com programa\u00e7\u00e3o at\u00e9 s\u00e1bado (09.11), com hor\u00e1rio para visita\u00e7\u00e3o das 8h \u00e0s 20h, no Centro de Eventos do Pantanal, al\u00e9m de palestras e cursos. O evento conta com o patroc\u00ednio oficial do Governo de Mato Grosso, por meio da Secretaria de Estado de Desenvolvimento Econ\u00f4mico (Sedec) e da Companhia de Minera\u00e7\u00e3o de Mato Grosso (Metamat). Tamb\u00e9m tem patroc\u00ednio da Alpha Minerals e da Federa\u00e7\u00e3o das Cooperativas de Minera\u00e7\u00e3o de Mato Grosso (Fecomin), Azevedo Sette Advogados, Nexa, Keystone, Aura Apoena, Rio Caba\u00e7al Minera\u00e7\u00e3o, Ero Brasil Xavantina e Fomentas Mining Company.<\/p>\n\n\n\n<p>O evento conta com apoio institucional da Assembleia Legislativa de Mato Grosso (ALMT), Grupo de Trabalho da Minera\u00e7\u00e3o da ALMT, Frente Parlamentar da Minera\u00e7\u00e3o Sustent\u00e1vel (FPMin), Ag\u00eancia Nacional de Minera\u00e7\u00e3o (ANM), Instituto Brasileiro de Gemas &amp; Metais Preciosos (IBGM), Associa\u00e7\u00e3o dos Profissionais Ge\u00f3logos do Estado de Mato Grosso (Agemat), Federa\u00e7\u00e3o Brasileira dos Ge\u00f3logos (Febrageo), N\u00facleo de Minera\u00e7\u00e3o da USP (Nap.Minera\u00e7\u00e3o), C\u00e2mara de Com\u00e9rcio Brasil-Canad\u00e1, Universidade Federal de Mato Grosso (UFMT) e a Abrasel.<\/p>","protected":false},"excerpt":{"rendered":"<p>BS COMUNICA\u00c7\u00c3O | Assessoria de Imprensa Expomin\u00e9rio 2024 No painel &#8220;Minera\u00e7\u00e3o e Conflitos Socioambientais&#8221;, apresentado na tarde desta sexta-feira (08.11) na 2\u00aa Expomin\u00e9rio, a superintendente do Ibama em Mato Grosso, Cibele Madalena Xavier; a advogada especialista em Meio Ambiente, Tatiane Monteiro; e o mestre em Direito Ambiental, Werner Grau, ofereceram insights valiosos sobre o tema [&hellip;]<\/p>\n","protected":false},"author":3,"featured_media":772,"comment_status":"open","ping_status":"open","sticky":false,"template":"","format":"standard","meta":{"_coblocks_attr":"","_coblocks_dimensions":"","_coblocks_responsive_height":"","_coblocks_accordion_ie_support":"","footnotes":""},"categories":[],"tags":[],"class_list":["post-771","post","type-post","status-publish","format-standard","has-post-thumbnail","hentry"],"_links":{"self":[{"href":"https:\/\/expominerio.com.br\/en\/wp-json\/wp\/v2\/posts\/771","targetHints":{"allow":["GET"]}}],"collection":[{"href":"https:\/\/expominerio.com.br\/en\/wp-json\/wp\/v2\/posts"}],"about":[{"href":"https:\/\/expominerio.com.br\/en\/wp-json\/wp\/v2\/types\/post"}],"author":[{"embeddable":true,"href":"https:\/\/expominerio.com.br\/en\/wp-json\/wp\/v2\/users\/3"}],"replies":[{"embeddable":true,"href":"https:\/\/expominerio.com.br\/en\/wp-json\/wp\/v2\/comments?post=771"}],"version-history":[{"count":1,"href":"https:\/\/expominerio.com.br\/en\/wp-json\/wp\/v2\/posts\/771\/revisions"}],"predecessor-version":[{"id":773,"href":"https:\/\/expominerio.com.br\/en\/wp-json\/wp\/v2\/posts\/771\/revisions\/773"}],"wp:featuredmedia":[{"embeddable":true,"href":"https:\/\/expominerio.com.br\/en\/wp-json\/wp\/v2\/media\/772"}],"wp:attachment":[{"href":"https:\/\/expominerio.com.br\/en\/wp-json\/wp\/v2\/media?parent=771"}],"wp:term":[{"taxonomy":"category","embeddable":true,"href":"https:\/\/expominerio.com.br\/en\/wp-json\/wp\/v2\/categories?post=771"},{"taxonomy":"post_tag","embeddable":true,"href":"https:\/\/expominerio.com.br\/en\/wp-json\/wp\/v2\/tags?post=771"}],"curies":[{"name":"wp","href":"https:\/\/api.w.org\/{rel}","templated":true}]}}