{"id":768,"date":"2024-11-09T01:40:34","date_gmt":"2024-11-09T01:40:34","guid":{"rendered":"https:\/\/expominerio.com.br\/?p=768"},"modified":"2024-11-09T01:40:34","modified_gmt":"2024-11-09T01:40:34","slug":"integracao-sustentavel-entre-mineracao-e-agronegocio-fortalece-os-dois-setores-economicos","status":"publish","type":"post","link":"https:\/\/expominerio.com.br\/en\/integracao-sustentavel-entre-mineracao-e-agronegocio-fortalece-os-dois-setores-economicos\/","title":{"rendered":"Integra\u00e7\u00e3o sustent\u00e1vel entre minera\u00e7\u00e3o e agroneg\u00f3cio fortalece os dois setores econ\u00f4micos"},"content":{"rendered":"<p><\/p>\n\n\n\n<p><em>As similaridades entre o agro e o setor mineral foram abordadas no painel \u201cMinera\u00e7\u00e3o e Agroneg\u00f3cio\u201d, no segundo dia da 2\u00aa Expomin\u00e9rio<\/em><\/p>\n\n\n\n<p>BS COMUNICA\u00c7\u00c3O | Assessoria de Imprensa Expomin\u00e9rio 2024<\/p>\n\n\n\n<p>A interdepend\u00eancia entre os setores de minera\u00e7\u00e3o e agroneg\u00f3cio em Mato Grosso, um dos estados com maior produ\u00e7\u00e3o de commodities no Brasil, pode favorecer os dois setores econ\u00f4micos em Mato Grosso. As similaridades entre o agro e o setor mineral foram abordadas no painel \u201cMinera\u00e7\u00e3o e Agroneg\u00f3cio\u201d, no segundo dia da 2\u00aa Expomin\u00e9rio.<\/p>\n\n\n\n<p>Um dos painelistas, o professor aposentado da UFMT e empres\u00e1rio da minera\u00e7\u00e3o, Francisco Pinho, a conex\u00e3o entre agroneg\u00f3cio e minera\u00e7\u00e3o \u00e9 fundamental para garantir a produtividade sustent\u00e1vel. Ele destacou que ambos os setores t\u00eam um relacionamento simbi\u00f3tico no estado.<\/p>\n\n\n\n<p>\u201cMato Grosso precisa aumentar a produtividade de forma sustent\u00e1vel, e a \u00fanica forma de fazer isso \u00e9 unir o agroneg\u00f3cio \u00e0 minera\u00e7\u00e3o. A minera\u00e7\u00e3o precisa ampliar a atua\u00e7\u00e3o para al\u00e9m dos metais preciosos, como ouro e diamante, investindo tamb\u00e9m em insumos para a agricultura. A substitui\u00e7\u00e3o de fertilizantes qu\u00edmicos por minerais extra\u00eddos localmente n\u00e3o s\u00f3 traria benef\u00edcios ambientais, mas tamb\u00e9m reduziria a depend\u00eancia de insumos importados, melhorando a balan\u00e7a comercial do Brasil. Precisamos de pol\u00edticas governamentais para incentivar a produ\u00e7\u00e3o de insumos agr\u00edcolas atrav\u00e9s da minera\u00e7\u00e3o local\u201d.<\/p>\n\n\n\n<p>A advogada e uma das organizadoras da Expomin\u00e9rio, Pamela Alegria, tamb\u00e9m apontou que a intera\u00e7\u00e3o entre os setores \u00e9 essencial para pr\u00e1ticas ambientais mais sustent\u00e1veis. Segundo ela, tanto o agroneg\u00f3cio quanto a minera\u00e7\u00e3o precisam trabalhar juntos para garantir a preserva\u00e7\u00e3o e recupera\u00e7\u00e3o dos recursos naturais.<\/p>\n\n\n\n<p>\u201cQuando se minera, h\u00e1 uma obriga\u00e7\u00e3o de recompor o meio ambiente. E \u00e9 a\u00ed que o agro entra, ajudando a fazer essa preserva\u00e7\u00e3o de forma mais sustent\u00e1vel\u201d, explicou P\u00e2mela.<\/p>\n\n\n\n<p>Ela tamb\u00e9m refor\u00e7ou a import\u00e2ncia de que os dois setores, que representam os maiores PIBs de Mato Grosso, sejam tratados como iguais em termos de apoio e pol\u00edticas p\u00fablicas. Segundo ela, a Expomin\u00e9rio tem sido um palco para desmistificar a minera\u00e7\u00e3o e apresentar seu valor econ\u00f4mico e ambiental.<\/p>\n\n\n\n<p>\u201cQueremos colaborar para que o setor mineral seja reconhecido e respeitado por sua relev\u00e2ncia\u201d, disse.<\/p>\n\n\n\n<p>O terceiro painelista, o mestre em Direito Ambiental, Werner Grau, abordou a integra\u00e7\u00e3o entre minera\u00e7\u00e3o e agroneg\u00f3cio do ponto de vista jur\u00eddico. Ele destacou que, embora o agroneg\u00f3cio tenha um impacto econ\u00f4mico significativamente maior, a minera\u00e7\u00e3o \u00e9 essencial para a produ\u00e7\u00e3o de minerais cr\u00edticos necess\u00e1rios ao enriquecimento do solo agr\u00edcola.<\/p>\n\n\n\n<p>\u201cA integra\u00e7\u00e3o entre agro e minera\u00e7\u00e3o vai al\u00e9m do solo e subsolo, \u00e9 um relacionamento interdependente. Essa parceria pode criar um modelo de desenvolvimento sustent\u00e1vel para Mato Grosso, onde as atividades agr\u00edcolas e mineradoras convivem de maneira harmoniosa. A minera\u00e7\u00e3o contribui com recursos que s\u00e3o vitais para o agroneg\u00f3cio, e o agro se beneficia desses minerais para manter a produtividade. Precisamos criar um ambiente legal e econ\u00f4mico que permita essa intera\u00e7\u00e3o de forma equilibrada\u201d, concluiu.<\/p>\n\n\n\n<p><em>Sobre a Expomin\u00e9rio 2024<\/em><\/p>\n\n\n\n<p>A Expomin\u00e9rio 2024 segue com programa\u00e7\u00e3o at\u00e9 s\u00e1bado (09.11), com hor\u00e1rio para visita\u00e7\u00e3o das 8h \u00e0s 20h, no Centro de Eventos do Pantanal, al\u00e9m de palestras e cursos. O evento conta com o patroc\u00ednio oficial do Governo de Mato Grosso, por meio da Secretaria de Estado de Desenvolvimento Econ\u00f4mico (Sedec) e da Companhia de Minera\u00e7\u00e3o de Mato Grosso (Metamat). Tamb\u00e9m tem patroc\u00ednio da Alpha Minerals e da Federa\u00e7\u00e3o das Cooperativas de Minera\u00e7\u00e3o de Mato Grosso (Fecomin), Azevedo Sette Advogados, Nexa, Keystone, Aura Apoena, Rio Caba\u00e7al Minera\u00e7\u00e3o, Ero Brasil Xavantina e Fomentas Mining Company.<\/p>\n\n\n\n<p>O evento conta com apoio institucional da Assembleia Legislativa de Mato Grosso (ALMT), Grupo de Trabalho da Minera\u00e7\u00e3o da ALMT, Frente Parlamentar da Minera\u00e7\u00e3o Sustent\u00e1vel (FPMin), Ag\u00eancia Nacional de Minera\u00e7\u00e3o (ANM), Instituto Brasileiro de Gemas &amp; Metais Preciosos (IBGM), Associa\u00e7\u00e3o dos Profissionais Ge\u00f3logos do Estado de Mato Grosso (Agemat), Federa\u00e7\u00e3o Brasileira dos Ge\u00f3logos (Febrageo), N\u00facleo de Minera\u00e7\u00e3o da USP (Nap.Minera\u00e7\u00e3o), C\u00e2mara de Com\u00e9rcio Brasil-Canad\u00e1, Universidade Federal de Mato Grosso (UFMT) e a Abrasel.<\/p>","protected":false},"excerpt":{"rendered":"<p>As similaridades entre o agro e o setor mineral foram abordadas no painel \u201cMinera\u00e7\u00e3o e Agroneg\u00f3cio\u201d, no segundo dia da 2\u00aa Expomin\u00e9rio BS COMUNICA\u00c7\u00c3O | Assessoria de Imprensa Expomin\u00e9rio 2024 A interdepend\u00eancia entre os setores de minera\u00e7\u00e3o e agroneg\u00f3cio em Mato Grosso, um dos estados com maior produ\u00e7\u00e3o de commodities no Brasil, pode favorecer os [&hellip;]<\/p>\n","protected":false},"author":3,"featured_media":769,"comment_status":"open","ping_status":"open","sticky":false,"template":"","format":"standard","meta":{"_coblocks_attr":"","_coblocks_dimensions":"","_coblocks_responsive_height":"","_coblocks_accordion_ie_support":"","footnotes":""},"categories":[],"tags":[],"class_list":["post-768","post","type-post","status-publish","format-standard","has-post-thumbnail","hentry"],"_links":{"self":[{"href":"https:\/\/expominerio.com.br\/en\/wp-json\/wp\/v2\/posts\/768","targetHints":{"allow":["GET"]}}],"collection":[{"href":"https:\/\/expominerio.com.br\/en\/wp-json\/wp\/v2\/posts"}],"about":[{"href":"https:\/\/expominerio.com.br\/en\/wp-json\/wp\/v2\/types\/post"}],"author":[{"embeddable":true,"href":"https:\/\/expominerio.com.br\/en\/wp-json\/wp\/v2\/users\/3"}],"replies":[{"embeddable":true,"href":"https:\/\/expominerio.com.br\/en\/wp-json\/wp\/v2\/comments?post=768"}],"version-history":[{"count":1,"href":"https:\/\/expominerio.com.br\/en\/wp-json\/wp\/v2\/posts\/768\/revisions"}],"predecessor-version":[{"id":770,"href":"https:\/\/expominerio.com.br\/en\/wp-json\/wp\/v2\/posts\/768\/revisions\/770"}],"wp:featuredmedia":[{"embeddable":true,"href":"https:\/\/expominerio.com.br\/en\/wp-json\/wp\/v2\/media\/769"}],"wp:attachment":[{"href":"https:\/\/expominerio.com.br\/en\/wp-json\/wp\/v2\/media?parent=768"}],"wp:term":[{"taxonomy":"category","embeddable":true,"href":"https:\/\/expominerio.com.br\/en\/wp-json\/wp\/v2\/categories?post=768"},{"taxonomy":"post_tag","embeddable":true,"href":"https:\/\/expominerio.com.br\/en\/wp-json\/wp\/v2\/tags?post=768"}],"curies":[{"name":"wp","href":"https:\/\/api.w.org\/{rel}","templated":true}]}}