{"id":765,"date":"2024-11-09T01:39:20","date_gmt":"2024-11-09T01:39:20","guid":{"rendered":"https:\/\/expominerio.com.br\/?p=765"},"modified":"2024-11-09T01:39:20","modified_gmt":"2024-11-09T01:39:20","slug":"tecnologias-para-descontaminacao-de-mercurio-em-areas-degradadas-sao-apresentadas-em-painel","status":"publish","type":"post","link":"https:\/\/expominerio.com.br\/en\/tecnologias-para-descontaminacao-de-mercurio-em-areas-degradadas-sao-apresentadas-em-painel\/","title":{"rendered":"Tecnologias para descontamina\u00e7\u00e3o de merc\u00fario em \u00e1reas degradadas s\u00e3o apresentadas em painel"},"content":{"rendered":"<p><\/p>\n\n\n\n<p><em>No painel \u201cMinera\u00e7\u00e3o na Amaz\u00f4nia e Restaura\u00e7\u00e3o Ambiental\u201d foram apresentadas solu\u00e7\u00f5es tecnol\u00f3gicas e modelos de gest\u00e3o<\/em><\/p>\n\n\n\n<p>BS COMUNICA\u00c7\u00c3O | Assessoria de Imprensa Expomin\u00e9rio 2024<\/p>\n\n\n\n<p>A Expomin\u00e9rio 2024 foi palco de discuss\u00f5es que evidenciam uma nova perspectiva para a minera\u00e7\u00e3o sustent\u00e1vel e respons\u00e1vel no Brasil, especialmente na regi\u00e3o amaz\u00f4nica. No painel \u201cMinera\u00e7\u00e3o na Amaz\u00f4nia e Restaura\u00e7\u00e3o Ambiental\u201d foram apresentadas solu\u00e7\u00f5es tecnol\u00f3gicas e modelos de gest\u00e3o focados em uma atividade miner\u00e1ria que respeite o meio ambiente e incentive a regulariza\u00e7\u00e3o dos garimpos.<\/p>\n\n\n\n<p>O g\u00e9ologo e diretor t\u00e9cnico da GEOS, Tadeu Veiga, lidera uma equipe que busca implementar uma tecnologia inovadora da empresa Goldtech para descontamina\u00e7\u00e3o de \u00e1reas degradadas pelo uso de merc\u00fario, al\u00e9m de um processamento mais seguro e controlado de min\u00e9rios. Ele explicou que a tecnologia visa remover merc\u00fario de rejeitos de garimpo, recuperando, ao mesmo tempo, o ouro perdido nesses processos.<\/p>\n\n\n\n<p>&#8220;Estamos realizando opera\u00e7\u00f5es demonstrativas no velho garimpo de Louren\u00e7o, no Amap\u00e1, com o apoio do governo estadual, em Vila Nova, tamb\u00e9m no Amap\u00e1, al\u00e9m de Novo Progresso, no Par\u00e1. A ideia \u00e9 permitir que cooperativas de garimpeiros se tornem agentes dessa transforma\u00e7\u00e3o ambiental, capacitando-os para a descontamina\u00e7\u00e3o dos pr\u00f3prios locais onde atuam e promovendo uma minera\u00e7\u00e3o mais segura e sustent\u00e1vel\u201d.<\/p>\n\n\n\n<p>A tecnologia apresentada despertou o interesse de mineradores que lotaram o estande da empresa para tirar d\u00favidas a respeito. Para ele, a Expomin\u00e9rio trouxe impacto positivo para o setor.<\/p>\n\n\n\n<p>\u201cA demanda por essas solu\u00e7\u00f5es \u00e9 impressionante e a feira nos permite compartilhar essa tecnologia com um p\u00fablico que entende a import\u00e2ncia de uma minera\u00e7\u00e3o ambientalmente correta&#8221;, comentou.<\/p>\n\n\n\n<p>Tamb\u00e9m presente no painel, o engenheiro florestal e coordenador Geoconsult no Par\u00e1, Guilherme Aggens trouxe uma an\u00e1lise das dificuldades e conquistas na regi\u00e3o do Tapaj\u00f3s, no Par\u00e1, um dos principais polos de minera\u00e7\u00e3o na Amaz\u00f4nia, mas que ainda enfrenta entraves para a legaliza\u00e7\u00e3o dos garimpos.<\/p>\n\n\n\n<p>Inspirado pelos avan\u00e7os em Mato Grosso, Aggens observou que, embora a minera\u00e7\u00e3o no Par\u00e1 tenha potencial significativo, desafios como o dif\u00edcil acesso, as extensas reservas ambientais e a falta de infraestrutura tornam a regulariza\u00e7\u00e3o mais complexa.<\/p>\n\n\n\n<p>\u201cO Par\u00e1 \u00e9 como o Mato Grosso de 20 anos atr\u00e1s, com uma legisla\u00e7\u00e3o mineral \u00fanica para todo o pa\u00eds, mas exig\u00eancias ambientais que variam de estado para estado. Nos \u00faltimos dois anos, a dificuldade de comercializar ouro legalmente no Par\u00e1 levou alguns produtores a buscar inspira\u00e7\u00e3o nos modelos de legaliza\u00e7\u00e3o do Mato Grosso, como o da Cooperativa dos Garimpeiros do Vale do Rio Peixoto (Coogavepe). O que se faz aqui no Mato Grosso pode ser replicado no Par\u00e1, mesmo com todas as dificuldades\u201d, disse.<\/p>\n\n\n\n<p>Tamb\u00e9m participou do painel, o bi\u00f3logo da Coogavepe, Andr\u00e9 Zampieri.<\/p>\n\n\n\n<p><em>Sobre a Expomin\u00e9rio 2024<\/em><\/p>\n\n\n\n<p>A Expomin\u00e9rio 2024 segue com programa\u00e7\u00e3o at\u00e9 s\u00e1bado (09.11), com hor\u00e1rio para visita\u00e7\u00e3o das 8h \u00e0s 20h, no Centro de Eventos do Pantanal, al\u00e9m de palestras e cursos. O evento conta com o patroc\u00ednio oficial do Governo de Mato Grosso, por meio da Secretaria de Estado de Desenvolvimento Econ\u00f4mico (Sedec) e da Companhia de Minera\u00e7\u00e3o de Mato Grosso (Metamat). Tamb\u00e9m tem patroc\u00ednio da Alpha Minerals e da Federa\u00e7\u00e3o das Cooperativas de Minera\u00e7\u00e3o de Mato Grosso (Fecomin), Azevedo Sette Advogados, Nexa, Keystone, Aura Apoena, Rio Caba\u00e7al Minera\u00e7\u00e3o, Ero Brasil Xavantina e Fomentas Mining Company.<\/p>\n\n\n\n<p>O evento conta com apoio institucional da Assembleia Legislativa de Mato Grosso (ALMT), Grupo de Trabalho da Minera\u00e7\u00e3o da ALMT, Frente Parlamentar da Minera\u00e7\u00e3o Sustent\u00e1vel (FPMin), Ag\u00eancia Nacional de Minera\u00e7\u00e3o (ANM), Instituto Brasileiro de Gemas &amp; Metais Preciosos (IBGM), Associa\u00e7\u00e3o dos Profissionais Ge\u00f3logos do Estado de Mato Grosso (Agemat), Federa\u00e7\u00e3o Brasileira dos Ge\u00f3logos (Febrageo), N\u00facleo de Minera\u00e7\u00e3o da USP (Nap.Minera\u00e7\u00e3o), C\u00e2mara de Com\u00e9rcio Brasil-Canad\u00e1, Universidade Federal de Mato Grosso (UFMT) e a Abrasel.<\/p>","protected":false},"excerpt":{"rendered":"<p>No painel \u201cMinera\u00e7\u00e3o na Amaz\u00f4nia e Restaura\u00e7\u00e3o Ambiental\u201d foram apresentadas solu\u00e7\u00f5es tecnol\u00f3gicas e modelos de gest\u00e3o BS COMUNICA\u00c7\u00c3O | Assessoria de Imprensa Expomin\u00e9rio 2024 A Expomin\u00e9rio 2024 foi palco de discuss\u00f5es que evidenciam uma nova perspectiva para a minera\u00e7\u00e3o sustent\u00e1vel e respons\u00e1vel no Brasil, especialmente na regi\u00e3o amaz\u00f4nica. No painel \u201cMinera\u00e7\u00e3o na Amaz\u00f4nia e Restaura\u00e7\u00e3o [&hellip;]<\/p>\n","protected":false},"author":3,"featured_media":766,"comment_status":"open","ping_status":"open","sticky":false,"template":"","format":"standard","meta":{"_coblocks_attr":"","_coblocks_dimensions":"","_coblocks_responsive_height":"","_coblocks_accordion_ie_support":"","footnotes":""},"categories":[],"tags":[],"class_list":["post-765","post","type-post","status-publish","format-standard","has-post-thumbnail","hentry"],"_links":{"self":[{"href":"https:\/\/expominerio.com.br\/en\/wp-json\/wp\/v2\/posts\/765","targetHints":{"allow":["GET"]}}],"collection":[{"href":"https:\/\/expominerio.com.br\/en\/wp-json\/wp\/v2\/posts"}],"about":[{"href":"https:\/\/expominerio.com.br\/en\/wp-json\/wp\/v2\/types\/post"}],"author":[{"embeddable":true,"href":"https:\/\/expominerio.com.br\/en\/wp-json\/wp\/v2\/users\/3"}],"replies":[{"embeddable":true,"href":"https:\/\/expominerio.com.br\/en\/wp-json\/wp\/v2\/comments?post=765"}],"version-history":[{"count":1,"href":"https:\/\/expominerio.com.br\/en\/wp-json\/wp\/v2\/posts\/765\/revisions"}],"predecessor-version":[{"id":767,"href":"https:\/\/expominerio.com.br\/en\/wp-json\/wp\/v2\/posts\/765\/revisions\/767"}],"wp:featuredmedia":[{"embeddable":true,"href":"https:\/\/expominerio.com.br\/en\/wp-json\/wp\/v2\/media\/766"}],"wp:attachment":[{"href":"https:\/\/expominerio.com.br\/en\/wp-json\/wp\/v2\/media?parent=765"}],"wp:term":[{"taxonomy":"category","embeddable":true,"href":"https:\/\/expominerio.com.br\/en\/wp-json\/wp\/v2\/categories?post=765"},{"taxonomy":"post_tag","embeddable":true,"href":"https:\/\/expominerio.com.br\/en\/wp-json\/wp\/v2\/tags?post=765"}],"curies":[{"name":"wp","href":"https:\/\/api.w.org\/{rel}","templated":true}]}}