{"id":755,"date":"2024-11-09T00:43:24","date_gmt":"2024-11-09T00:43:24","guid":{"rendered":"https:\/\/expominerio.com.br\/?p=755"},"modified":"2024-11-09T00:43:24","modified_gmt":"2024-11-09T00:43:24","slug":"jornalistas-abordam-painel-sobre-comunicacao-de-valor-na-mineracao-na-2a-expominerio","status":"publish","type":"post","link":"https:\/\/expominerio.com.br\/en\/jornalistas-abordam-painel-sobre-comunicacao-de-valor-na-mineracao-na-2a-expominerio\/","title":{"rendered":"Jornalistas abordam painel sobre comunica\u00e7\u00e3o de valor na minera\u00e7\u00e3o na 2\u00aa Expomin\u00e9rio"},"content":{"rendered":"<p><em>O painel \u201cMinera\u00e7\u00e3o &amp; Comunica\u00e7\u00e3o de Valor\u201d ser\u00e1 realizado neste s\u00e1bado (09.11), \u00e0s 13h15, no audit\u00f3rio Minerais, no Centro de Eventos do Pantanal<\/em><\/p>\n\n\n\n<p>BS COMUNICA\u00c7\u00c3O | Assessoria de Imprensa Expomin\u00e9rio 2024<\/p>\n\n\n\n<p>Os desafios de comunicar o setor mineral superando preconceitos e mostrando o potencial econ\u00f4mico da atividade em Mato Grosso ser\u00e3o abordados no painel \u201cMinera\u00e7\u00e3o &amp; Comunica\u00e7\u00e3o de Valor\u201d, que ser\u00e1 realizado neste s\u00e1bado (09.11), \u00e0s 13h15, no audit\u00f3rio Minerais, no Centro de Eventos do Pantanal.<\/p>\n\n\n\n<p>O evento integra a programa\u00e7\u00e3o da 2\u00aa Expomin\u00e9rio, que iniciou na quinta-feira (07.11) e segue at\u00e9 este s\u00e1bado. Dentre os painelistas est\u00e3o os jornalistas Disney de Paula, da DP Marketing Digital e um dos organizadores da feira; e Antonielle Costa, assessora de imprensa da Fomentas Mining Company. Al\u00e9m deles, tamb\u00e9m participa do painel o CEO do Instituto Minere, Gustavo Cruz.<\/p>\n\n\n\n<p>\u201cFazer comunica\u00e7\u00e3o para o setor mineral e de se fazer ser entendido e compreendido \u00e9 um desafio. O que a gente acaba vendo \u00e9 uma rela\u00e7\u00e3o err\u00f4nea da minera\u00e7\u00e3o com as extra\u00e7\u00f5es ilegais de min\u00e9rios. Isso n\u00e3o \u00e9 minera\u00e7\u00e3o. A minera\u00e7\u00e3o \u00e9 feita de forma respons\u00e1vel, obedecendo todas as regras e legisla\u00e7\u00f5es brasileiras, um setor que gera emprego e renda. Somente aqui em Mato Grosso s\u00e3o em torno de R$ 6,8 bilh\u00f5es por ano\u201d, comentou Disney de Paula.<\/p>\n\n\n\n<p>Ele apontou que h\u00e1 grandes mineradoras em Mato Grosso, mas isso acaba passando despercebido da imprensa, mesmo exercendo uma atividade com impacto no dia a dia das pessoas, como a \u00e1gua mineral que se consome, o celular que se utiliza, o copo que est\u00e1 nas resid\u00eancias, por exemplo.<\/p>\n\n\n\n<p>\u201cPor isso que a gente est\u00e1 trazendo esse painel para a Expomin\u00e9rio. Vamos passar para os nossos colegas da comunica\u00e7\u00e3o o que \u00e9 esse setor, a import\u00e2ncia que ele tem para a nossa economia, os empregos que eles geram e para que as pessoas possam verdadeiramente conhecer a minera\u00e7\u00e3o. A gente espera passar a informa\u00e7\u00e3o para os jornalistas da import\u00e2ncia que esse setor tem na nossa vida e para nossa economia\u201d, finalizou.<\/p>\n\n\n\n<p>Ap\u00f3s a palestra, os jornalistas ser\u00e3o recepcionados na sala VIP da Nexa para um coffee break.<\/p>\n\n\n\n<p><em>Sobre a Expomin\u00e9rio 2024<\/em><\/p>\n\n\n\n<p>A Expomin\u00e9rio 2024 segue com programa\u00e7\u00e3o at\u00e9 s\u00e1bado (09.11), com hor\u00e1rio para visita\u00e7\u00e3o das 8h \u00e0s 20h, no Centro de Eventos do Pantanal, al\u00e9m de palestras e cursos. O evento conta com o patroc\u00ednio oficial do Governo de Mato Grosso, por meio da Secretaria de Estado de Desenvolvimento Econ\u00f4mico (Sedec) e da Companhia de Minera\u00e7\u00e3o de Mato Grosso (Metamat). Tamb\u00e9m tem patroc\u00ednio da Alpha Minerals e da Federa\u00e7\u00e3o das Cooperativas de Minera\u00e7\u00e3o de Mato Grosso (Fecomin), Azevedo Sette Advogados, Nexa, Keystone, Aura Apoena, Rio Caba\u00e7al Minera\u00e7\u00e3o, Ero Brasil Xavantina e Fomentas Mining Company.<\/p>\n\n\n\n<p>O evento conta com apoio institucional da Assembleia Legislativa de Mato Grosso (ALMT), Grupo de Trabalho da Minera\u00e7\u00e3o da ALMT, Frente Parlamentar da Minera\u00e7\u00e3o Sustent\u00e1vel (FPMin), Ag\u00eancia Nacional de Minera\u00e7\u00e3o (ANM), Instituto Brasileiro de Gemas &amp; Metais Preciosos (IBGM), Associa\u00e7\u00e3o dos Profissionais Ge\u00f3logos do Estado de Mato Grosso (Agemat), Federa\u00e7\u00e3o Brasileira dos Ge\u00f3logos (Febrageo), N\u00facleo de Minera\u00e7\u00e3o da USP (Nap.Minera\u00e7\u00e3o), C\u00e2mara de Com\u00e9rcio Brasil-Canad\u00e1, Universidade Federal de Mato Grosso (UFMT) e a Abrasel.<\/p>","protected":false},"excerpt":{"rendered":"<p>O painel \u201cMinera\u00e7\u00e3o &amp; Comunica\u00e7\u00e3o de Valor\u201d ser\u00e1 realizado neste s\u00e1bado (09.11), \u00e0s 13h15, no audit\u00f3rio Minerais, no Centro de Eventos do Pantanal BS COMUNICA\u00c7\u00c3O | Assessoria de Imprensa Expomin\u00e9rio 2024 Os desafios de comunicar o setor mineral superando preconceitos e mostrando o potencial econ\u00f4mico da atividade em Mato Grosso ser\u00e3o abordados no painel \u201cMinera\u00e7\u00e3o [&hellip;]<\/p>\n","protected":false},"author":3,"featured_media":756,"comment_status":"open","ping_status":"open","sticky":false,"template":"","format":"standard","meta":{"_coblocks_attr":"","_coblocks_dimensions":"","_coblocks_responsive_height":"","_coblocks_accordion_ie_support":"","footnotes":""},"categories":[],"tags":[],"class_list":["post-755","post","type-post","status-publish","format-standard","has-post-thumbnail","hentry"],"_links":{"self":[{"href":"https:\/\/expominerio.com.br\/en\/wp-json\/wp\/v2\/posts\/755","targetHints":{"allow":["GET"]}}],"collection":[{"href":"https:\/\/expominerio.com.br\/en\/wp-json\/wp\/v2\/posts"}],"about":[{"href":"https:\/\/expominerio.com.br\/en\/wp-json\/wp\/v2\/types\/post"}],"author":[{"embeddable":true,"href":"https:\/\/expominerio.com.br\/en\/wp-json\/wp\/v2\/users\/3"}],"replies":[{"embeddable":true,"href":"https:\/\/expominerio.com.br\/en\/wp-json\/wp\/v2\/comments?post=755"}],"version-history":[{"count":1,"href":"https:\/\/expominerio.com.br\/en\/wp-json\/wp\/v2\/posts\/755\/revisions"}],"predecessor-version":[{"id":757,"href":"https:\/\/expominerio.com.br\/en\/wp-json\/wp\/v2\/posts\/755\/revisions\/757"}],"wp:featuredmedia":[{"embeddable":true,"href":"https:\/\/expominerio.com.br\/en\/wp-json\/wp\/v2\/media\/756"}],"wp:attachment":[{"href":"https:\/\/expominerio.com.br\/en\/wp-json\/wp\/v2\/media?parent=755"}],"wp:term":[{"taxonomy":"category","embeddable":true,"href":"https:\/\/expominerio.com.br\/en\/wp-json\/wp\/v2\/categories?post=755"},{"taxonomy":"post_tag","embeddable":true,"href":"https:\/\/expominerio.com.br\/en\/wp-json\/wp\/v2\/tags?post=755"}],"curies":[{"name":"wp","href":"https:\/\/api.w.org\/{rel}","templated":true}]}}