{"id":746,"date":"2024-11-08T18:11:33","date_gmt":"2024-11-08T18:11:33","guid":{"rendered":"https:\/\/expominerio.com.br\/?p=746"},"modified":"2024-11-08T18:11:33","modified_gmt":"2024-11-08T18:11:33","slug":"painel-aborda-minerais-criticos-e-estrategicos-para-a-transicao-energetica","status":"publish","type":"post","link":"https:\/\/expominerio.com.br\/en\/painel-aborda-minerais-criticos-e-estrategicos-para-a-transicao-energetica\/","title":{"rendered":"Painel aborda minerais cr\u00edticos e estrat\u00e9gicos para a transi\u00e7\u00e3o energ\u00e9tica"},"content":{"rendered":"<p><\/p>\n\n\n\n<p><em>O tema foi abordado pela advogada e s\u00f3cia da \u00e1rea de minera\u00e7\u00e3o da Azevedo Sette, Gabriela Salazar e o ge\u00f3logo s\u00eanior da Reserva Caba\u00e7al Minera\u00e7\u00e3o<\/em><\/p>\n\n\n\n<p>BS COMUNICA\u00c7\u00c3O | Assessoria de Imprensa Expomin\u00e9rio 2024<\/p>\n\n\n\n<p>No segundo dia da Expomin\u00e9rio 2024, especialistas e investidores do setor mineral debateram o papel dos minerais cr\u00edticos e estrat\u00e9gicos na transi\u00e7\u00e3o energ\u00e9tica. O tema foi abordado pela advogada e s\u00f3cia da \u00e1rea de minera\u00e7\u00e3o da Azevedo Sette, Gabriela Salazar e o ge\u00f3logo s\u00eanior da Reserva Caba\u00e7al Minera\u00e7\u00e3o.<\/p>\n\n\n\n<p>Gabriela destacou a relev\u00e2ncia dos chamados &#8220;minerais cr\u00edticos&#8221; e o papel do Brasil na transi\u00e7\u00e3o energ\u00e9tica. Segundo ela, o Brasil tem potencial para ser uma refer\u00eancia global em minerais essenciais para a transi\u00e7\u00e3o energ\u00e9tica, como o cobre, o l\u00edtio e o n\u00edquel, devido \u00e0 vasta presen\u00e7a de reservas desses materiais.<\/p>\n\n\n\n<p>&#8220;\u00c9 um tema que vai muito al\u00e9m do presente; \u00e9 uma vis\u00e3o de futuro para o pa\u00eds e o setor mineral. Trazer esse debate em eventos como a Expomin\u00e9rio refor\u00e7a a relev\u00e2ncia do Centro-Oeste como uma nova fronteira da minera\u00e7\u00e3o, com o olhar de investidores estrangeiros voltado para a regi\u00e3o,&#8221; afirmou Salazar.<\/p>\n\n\n\n<p>Com o aumento da demanda mundial por minerais cr\u00edticos e estrat\u00e9gicos, o Brasil busca se posicionar como um dos maiores fornecedores globais, aproveitando a riqueza mineral e desenvolvendo pol\u00edticas p\u00fablicas que fomentem uma minera\u00e7\u00e3o mais sustent\u00e1vel e eficiente.<\/p>\n\n\n\n<p>J\u00e1 o ge\u00f3logo Ant\u00f4nio Jos\u00e9 de Almeida, da Rio Caba\u00e7al Minera\u00e7\u00e3o, apresentou o projeto da empresa focado em ouro e cobre, minerais considerados estrat\u00e9gicos para a transi\u00e7\u00e3o energ\u00e9tica. Em fase de pr\u00e9-viabilidade, o projeto tem como meta iniciar opera\u00e7\u00f5es no in\u00edcio de 2026, com expectativa de aumentar a capacidade de produ\u00e7\u00e3o nacional desses minerais fundamentais.<\/p>\n\n\n\n<p>&#8220;O cobre \u00e9 amplamente utilizado na ind\u00fastria eletroeletr\u00f4nica devido \u00e0 sua excelente condutividade, o que o torna essencial para tecnologias renov\u00e1veis. J\u00e1 o ouro tem seu uso consolidado em microchips e alta tecnologia, sendo fundamental para o avan\u00e7o de dispositivos eletr\u00f4nicos,&#8221; explicou Almeida.<br>Ao final, Ant\u00f4nio parabenizou a organiza\u00e7\u00e3o da 2\u00aa Expomin\u00e9rio, pois o evento \u00e9 crucial para conectar empresas e divulgar projetos, al\u00e9m de promover di\u00e1logo com o governo para a obten\u00e7\u00e3o de licen\u00e7as pr\u00e9vias e de incentivos, aspectos que contribuem para a viabilidade econ\u00f4mica do setor.<\/p>\n\n\n\n<p><em>Sobre a Expomin\u00e9rio 2024<\/em><\/p>\n\n\n\n<p>A Expomin\u00e9rio 2024 segue com programa\u00e7\u00e3o at\u00e9 s\u00e1bado (09.11), com hor\u00e1rio para visita\u00e7\u00e3o das 8h \u00e0s 20h, no Centro de Eventos do Pantanal, al\u00e9m de palestras e cursos. O evento conta com o patroc\u00ednio oficial do Governo de Mato Grosso, por meio da Secretaria de Estado de Desenvolvimento Econ\u00f4mico (Sedec) e da Companhia de Minera\u00e7\u00e3o de Mato Grosso (Metamat). Tamb\u00e9m tem patroc\u00ednio da Alpha Minerals e da Federa\u00e7\u00e3o das Cooperativas de Minera\u00e7\u00e3o de Mato Grosso (Fecomin), Azevedo Sette Advogados, Nexa, Keystone, Aura Apoena, Rio Caba\u00e7al Minera\u00e7\u00e3o, Ero Brasil Xavantina e Fomentas Mining Company.<\/p>\n\n\n\n<p>O evento conta com apoio institucional da Assembleia Legislativa de Mato Grosso (ALMT), Grupo de Trabalho da Minera\u00e7\u00e3o da ALMT, Frente Parlamentar da Minera\u00e7\u00e3o Sustent\u00e1vel (FPMin), Ag\u00eancia Nacional de Minera\u00e7\u00e3o (ANM), Instituto Brasileiro de Gemas &amp; Metais Preciosos (IBGM), Associa\u00e7\u00e3o dos Profissionais Ge\u00f3logos do Estado de Mato Grosso (Agemat), Federa\u00e7\u00e3o Brasileira dos Ge\u00f3logos (Febrageo), N\u00facleo de Minera\u00e7\u00e3o da USP (Nap.Minera\u00e7\u00e3o), C\u00e2mara de Com\u00e9rcio Brasil-Canad\u00e1, Universidade Federal de Mato Grosso (UFMT) e a Abrasel.<\/p>","protected":false},"excerpt":{"rendered":"<p>O tema foi abordado pela advogada e s\u00f3cia da \u00e1rea de minera\u00e7\u00e3o da Azevedo Sette, Gabriela Salazar e o ge\u00f3logo s\u00eanior da Reserva Caba\u00e7al Minera\u00e7\u00e3o BS COMUNICA\u00c7\u00c3O | Assessoria de Imprensa Expomin\u00e9rio 2024 No segundo dia da Expomin\u00e9rio 2024, especialistas e investidores do setor mineral debateram o papel dos minerais cr\u00edticos e estrat\u00e9gicos na transi\u00e7\u00e3o [&hellip;]<\/p>\n","protected":false},"author":3,"featured_media":747,"comment_status":"open","ping_status":"open","sticky":false,"template":"","format":"standard","meta":{"_coblocks_attr":"","_coblocks_dimensions":"","_coblocks_responsive_height":"","_coblocks_accordion_ie_support":"","footnotes":""},"categories":[],"tags":[],"class_list":["post-746","post","type-post","status-publish","format-standard","has-post-thumbnail","hentry"],"_links":{"self":[{"href":"https:\/\/expominerio.com.br\/en\/wp-json\/wp\/v2\/posts\/746","targetHints":{"allow":["GET"]}}],"collection":[{"href":"https:\/\/expominerio.com.br\/en\/wp-json\/wp\/v2\/posts"}],"about":[{"href":"https:\/\/expominerio.com.br\/en\/wp-json\/wp\/v2\/types\/post"}],"author":[{"embeddable":true,"href":"https:\/\/expominerio.com.br\/en\/wp-json\/wp\/v2\/users\/3"}],"replies":[{"embeddable":true,"href":"https:\/\/expominerio.com.br\/en\/wp-json\/wp\/v2\/comments?post=746"}],"version-history":[{"count":1,"href":"https:\/\/expominerio.com.br\/en\/wp-json\/wp\/v2\/posts\/746\/revisions"}],"predecessor-version":[{"id":748,"href":"https:\/\/expominerio.com.br\/en\/wp-json\/wp\/v2\/posts\/746\/revisions\/748"}],"wp:featuredmedia":[{"embeddable":true,"href":"https:\/\/expominerio.com.br\/en\/wp-json\/wp\/v2\/media\/747"}],"wp:attachment":[{"href":"https:\/\/expominerio.com.br\/en\/wp-json\/wp\/v2\/media?parent=746"}],"wp:term":[{"taxonomy":"category","embeddable":true,"href":"https:\/\/expominerio.com.br\/en\/wp-json\/wp\/v2\/categories?post=746"},{"taxonomy":"post_tag","embeddable":true,"href":"https:\/\/expominerio.com.br\/en\/wp-json\/wp\/v2\/tags?post=746"}],"curies":[{"name":"wp","href":"https:\/\/api.w.org\/{rel}","templated":true}]}}