{"id":734,"date":"2024-11-08T15:42:29","date_gmt":"2024-11-08T15:42:29","guid":{"rendered":"https:\/\/expominerio.com.br\/?p=734"},"modified":"2024-11-08T15:42:29","modified_gmt":"2024-11-08T15:42:29","slug":"tecnicos-da-emprapa-metamat-e-ufmt-abordam-remineralizadores-de-solo-na-agricultura","status":"publish","type":"post","link":"https:\/\/expominerio.com.br\/en\/tecnicos-da-emprapa-metamat-e-ufmt-abordam-remineralizadores-de-solo-na-agricultura\/","title":{"rendered":"T\u00e9cnicos da Emprapa, Metamat e UFMT abordam remineralizadores de solo na agricultura"},"content":{"rendered":"<p>Esse debate destacou a import\u00e2ncia desses insumos, considerados uma solu\u00e7\u00e3o jovem e sustent\u00e1vel para a agricultura<\/p>\n\n\n\n<p>BS COMUNICA\u00c7\u00c3O | Assessoria de Imprensa Expomin\u00e9rio 2024<\/p>\n\n\n\n<p>Durante a 2\u00aa Expomin\u00e9rio, realizada de 7 a 9 de novembro no Centro de Eventos do Pantanal, especialistas da Embrapa, Metamat e UFMT discutiram o potencial dos remineralizadores de solo no painel \u201cMinera\u00e7\u00e3o e Remineralizadores\u201d. Esse debate destacou a import\u00e2ncia desses insumos, considerados uma solu\u00e7\u00e3o jovem e sustent\u00e1vel para a agricultura, especialmente em Mato Grosso, estado agr\u00edcola de grande demanda.<\/p>\n\n\n\n<p>Os remineralizadores s\u00e3o produzidos a partir de rejeitos de minera\u00e7\u00e3o, como os res\u00edduos da extra\u00e7\u00e3o de ouro, s\u00e3o transformados em p\u00f3 e aplicados no solo como fertilizantes. Al\u00e9m de enriquecer o solo com nutrientes importantes, como pot\u00e1ssio, c\u00e1lcio e magn\u00e9sio, essa pr\u00e1tica estimula o desenvolvimento saud\u00e1vel das plantas, promovendo uma agricultura mais sustent\u00e1vel e eficiente.<\/p>\n\n\n\n<p>O pesquisador da Embrapa Cerrado, \u00c9der Souza Martins, falou sobre a relev\u00e2ncia do insumo definido legalmente no Brasil em 2017, e j\u00e1 conta com 65 produtos registrados e teve 9 milh\u00f5es de toneladas consumidas na agricultura nacional.<\/p>\n\n\n\n<p>\u201cA ideia \u00e9 mostrar o potencial da tecnologia para a agricultura, especialmente em Mato Grosso, onde h\u00e1 uma grande demanda por insumos regionais\u201d.<\/p>\n\n\n\n<p>O engenheiro agr\u00f4nomo da Metamat, Douglas Brito, apresentou a iniciativa da autarquia estadual sobre o projeto piloto Remim (Remineralizadores de Solo de Mato Grosso), que visa transformar rejeitos minerais em insumos agr\u00edcolas sustent\u00e1veis. O projeto \u00e9 implementado em tr\u00eas regi\u00f5es estrat\u00e9gicas de Mato Grosso: Guarant\u00e3 do Norte, Tangar\u00e1 da Serra e Juara.<\/p>\n\n\n\n<p>O painel trouxe \u00e0 tona a converg\u00eancia entre minera\u00e7\u00e3o e agricultura, mostrando como os rejeitos minerais podem ser reaproveitados de forma a beneficiar o setor agr\u00edcola e diminuir os impactos ambientais.<\/p>\n\n\n\n<p>Sobre a Expomin\u00e9rio 2024<\/p>\n\n\n\n<p>A Expomin\u00e9rio 2024 segue com programa\u00e7\u00e3o at\u00e9 s\u00e1bado (09.11), com hor\u00e1rio para visita\u00e7\u00e3o das 8h \u00e0s 20h, no Centro de Eventos do Pantanal, al\u00e9m de palestras e cursos. O evento conta com o patroc\u00ednio oficial do Governo de Mato Grosso, por meio da Secretaria de Estado de Desenvolvimento Econ\u00f4mico (Sedec) e da Companhia de Minera\u00e7\u00e3o de Mato Grosso (Metamat). Tamb\u00e9m tem patroc\u00ednio da Alpha Minerals e da Federa\u00e7\u00e3o das Cooperativas de Minera\u00e7\u00e3o de Mato Grosso (Fecomin), Azevedo Sette Advogados, Nexa, Keystone, Aura Apoena, Rio Caba\u00e7al Minera\u00e7\u00e3o, Ero Brasil Xavantina e Fomentas Mining Company.<\/p>\n\n\n\n<p>O evento conta com apoio institucional da Assembleia Legislativa de Mato Grosso (ALMT), Grupo de Trabalho da Minera\u00e7\u00e3o da ALMT, Frente Parlamentar da Minera\u00e7\u00e3o Sustent\u00e1vel (FPMin), Ag\u00eancia Nacional de Minera\u00e7\u00e3o (ANM), Instituto Brasileiro de Gemas &amp; Metais Preciosos (IBGM), Associa\u00e7\u00e3o dos Profissionais Ge\u00f3logos do Estado de Mato Grosso (Agemat), Federa\u00e7\u00e3o Brasileira dos Ge\u00f3logos (Febrageo), N\u00facleo de Minera\u00e7\u00e3o da USP (Nap.Minera\u00e7\u00e3o), C\u00e2mara de Com\u00e9rcio Brasil-Canad\u00e1, Universidade Federal de Mato Grosso (UFMT) e a Abrasel.<\/p>","protected":false},"excerpt":{"rendered":"<p>Esse debate destacou a import\u00e2ncia desses insumos, considerados uma solu\u00e7\u00e3o jovem e sustent\u00e1vel para a agricultura BS COMUNICA\u00c7\u00c3O | Assessoria de Imprensa Expomin\u00e9rio 2024 Durante a 2\u00aa Expomin\u00e9rio, realizada de 7 a 9 de novembro no Centro de Eventos do Pantanal, especialistas da Embrapa, Metamat e UFMT discutiram o potencial dos remineralizadores de solo no [&hellip;]<\/p>\n","protected":false},"author":3,"featured_media":735,"comment_status":"open","ping_status":"open","sticky":false,"template":"","format":"standard","meta":{"_coblocks_attr":"","_coblocks_dimensions":"","_coblocks_responsive_height":"","_coblocks_accordion_ie_support":"","footnotes":""},"categories":[],"tags":[],"class_list":["post-734","post","type-post","status-publish","format-standard","has-post-thumbnail","hentry"],"_links":{"self":[{"href":"https:\/\/expominerio.com.br\/en\/wp-json\/wp\/v2\/posts\/734","targetHints":{"allow":["GET"]}}],"collection":[{"href":"https:\/\/expominerio.com.br\/en\/wp-json\/wp\/v2\/posts"}],"about":[{"href":"https:\/\/expominerio.com.br\/en\/wp-json\/wp\/v2\/types\/post"}],"author":[{"embeddable":true,"href":"https:\/\/expominerio.com.br\/en\/wp-json\/wp\/v2\/users\/3"}],"replies":[{"embeddable":true,"href":"https:\/\/expominerio.com.br\/en\/wp-json\/wp\/v2\/comments?post=734"}],"version-history":[{"count":1,"href":"https:\/\/expominerio.com.br\/en\/wp-json\/wp\/v2\/posts\/734\/revisions"}],"predecessor-version":[{"id":736,"href":"https:\/\/expominerio.com.br\/en\/wp-json\/wp\/v2\/posts\/734\/revisions\/736"}],"wp:featuredmedia":[{"embeddable":true,"href":"https:\/\/expominerio.com.br\/en\/wp-json\/wp\/v2\/media\/735"}],"wp:attachment":[{"href":"https:\/\/expominerio.com.br\/en\/wp-json\/wp\/v2\/media?parent=734"}],"wp:term":[{"taxonomy":"category","embeddable":true,"href":"https:\/\/expominerio.com.br\/en\/wp-json\/wp\/v2\/categories?post=734"},{"taxonomy":"post_tag","embeddable":true,"href":"https:\/\/expominerio.com.br\/en\/wp-json\/wp\/v2\/tags?post=734"}],"curies":[{"name":"wp","href":"https:\/\/api.w.org\/{rel}","templated":true}]}}