{"id":725,"date":"2024-11-08T15:35:23","date_gmt":"2024-11-08T15:35:23","guid":{"rendered":"https:\/\/expominerio.com.br\/?p=725"},"modified":"2024-11-08T15:35:23","modified_gmt":"2024-11-08T15:35:23","slug":"peso-da-tributacao-na-mineracao-e-abordado-em-painel-e-traz-direcionamento-a-mineradores","status":"publish","type":"post","link":"https:\/\/expominerio.com.br\/en\/peso-da-tributacao-na-mineracao-e-abordado-em-painel-e-traz-direcionamento-a-mineradores\/","title":{"rendered":"Peso da tributa\u00e7\u00e3o na minera\u00e7\u00e3o \u00e9 abordado em painel e traz direcionamento a mineradores"},"content":{"rendered":"<p>BS COMUNICA\u00c7\u00c3O | Assessoria de Imprensa Expomin\u00e9rio 2024<\/p>\n\n\n\n<p>A tributa\u00e7\u00e3o em cima da atividade mineral foi tema do painel \u201cMinera\u00e7\u00e3o e Tributa\u00e7\u00e3o\u201d, nesta sexta-feira (08.11), durante a 2\u00aa Expomin\u00e9rio. O advogado e gerente jur\u00eddico da Equinox Gold, Leonardo Gandara, o conselheiro titular do Conselho Administrativo de Recursos Fiscais (CARF), Yendis Costa, e o vice-presidente do Instituto Mineiro de Direito Tribut\u00e1rio (IMDT), Andr\u00e9 Felipe.<\/p>\n\n\n\n<p>Leonardo Gandara trouxe uma an\u00e1lise sobre a tributa\u00e7\u00e3o na minera\u00e7\u00e3o e os desafios para o setor. Ele abordou como a carga tribut\u00e1ria impacta diretamente a competitividade e a atratividade da minera\u00e7\u00e3o no Brasil, especialmente no estado de Mato Grosso. Para ele, a tributa\u00e7\u00e3o atua tanto como incentivo quanto como barreira, influenciando os arranjos societ\u00e1rios e a expans\u00e3o da minera\u00e7\u00e3o no estado.<\/p>\n\n\n\n<p>&#8220;A forma de tributa\u00e7\u00e3o \u00e9 uma ferramenta de gest\u00e3o de risco, de incentivo ao investimento e de diversifica\u00e7\u00e3o econ\u00f4mica. Por\u00e9m, obst\u00e1culos institucionais, como a tributa\u00e7\u00e3o, podem dificultar o avan\u00e7o de projetos essenciais para a economia local e para a diversifica\u00e7\u00e3o de investimentos,&#8221; afirmou Gandara. Ele refor\u00e7ou ainda que a proximidade do recurso mineral com a popula\u00e7\u00e3o e o estado exige uma gest\u00e3o atenta, capaz de equilibrar os interesses p\u00fablicos e econ\u00f4micos.<\/p>\n\n\n\n<p>O conselheiro da 2\u00aa sess\u00e3o do CARF, Yendis Costa, abordou recentemente a import\u00e2ncia das \u00e1reas exclu\u00eddas na base de c\u00e1lculo do Imposto Territorial Rural (ITR) e destacou as orienta\u00e7\u00f5es para empresas do setor de minera\u00e7\u00e3o que recorrem ao CARF em segunda inst\u00e2ncia administrativa da Uni\u00e3o. Segundo Costa, muitos contribuintes enfrentam dificuldades em suas defesas por falta de documentos essenciais que comprovem a n\u00e3o incid\u00eancia do imposto sobre \u00e1reas improdutivas, conforme estabelecido pela legisla\u00e7\u00e3o federal e constitucional.<\/p>\n\n\n\n<p>Ele explicou que a falta de provas adequadas pode prejudicar o julgamento dos autos de infra\u00e7\u00e3o do ITR, enfatizando que \u00e9 essencial que as empresas apresentem todos os documentos probat\u00f3rios necess\u00e1rios para que o processo administrativo alcance a chamada verdade material.<\/p>\n\n\n\n<p>\u201cMuitos acabam n\u00e3o levando toda a documenta\u00e7\u00e3o e, com isso, o julgamento n\u00e3o atinge a profundidade necess\u00e1ria para analisar a exclus\u00e3o ou n\u00e3o das \u00e1reas conforme a legisla\u00e7\u00e3o. A prepara\u00e7\u00e3o \u00e9 essencial e que as empresas devem se organizar assim que notificadas sobre os autos de infra\u00e7\u00e3o, garantindo a documenta\u00e7\u00e3o correta para fortalecer a defesa\u201d.<\/p>\n\n\n\n<p>Sobre a Expomin\u00e9rio 2024<\/p>\n\n\n\n<p>A Expomin\u00e9rio 2024 segue com programa\u00e7\u00e3o at\u00e9 s\u00e1bado (09.11), com hor\u00e1rio para visita\u00e7\u00e3o das 8h \u00e0s 20h, no Centro de Eventos do Pantanal, al\u00e9m de palestras e cursos. O evento conta com o patroc\u00ednio oficial do Governo de Mato Grosso, por meio da Secretaria de Estado de Desenvolvimento Econ\u00f4mico (Sedec) e da Companhia de Minera\u00e7\u00e3o de Mato Grosso (Metamat). Tamb\u00e9m tem patroc\u00ednio da Alpha Minerals e da Federa\u00e7\u00e3o das Cooperativas de Minera\u00e7\u00e3o de Mato Grosso (Fecomin), Azevedo Sette Advogados, Nexa, Keystone, Aura Apoena, Rio Caba\u00e7al Minera\u00e7\u00e3o, Ero Brasil Xavantina e Fomentas Mining Company.<\/p>\n\n\n\n<p>O evento conta com apoio institucional da Assembleia Legislativa de Mato Grosso (ALMT), Grupo de Trabalho da Minera\u00e7\u00e3o da ALMT, Frente Parlamentar da Minera\u00e7\u00e3o Sustent\u00e1vel (FPMin), Ag\u00eancia Nacional de Minera\u00e7\u00e3o (ANM), Instituto Brasileiro de Gemas &amp; Metais Preciosos (IBGM), Associa\u00e7\u00e3o dos Profissionais Ge\u00f3logos do Estado de Mato Grosso (Agemat), Federa\u00e7\u00e3o Brasileira dos Ge\u00f3logos (Febrageo), N\u00facleo de Minera\u00e7\u00e3o da USP (Nap.Minera\u00e7\u00e3o), C\u00e2mara de Com\u00e9rcio Brasil-Canad\u00e1, Universidade Federal de Mato Grosso (UFMT) e a Abrasel.<\/p>","protected":false},"excerpt":{"rendered":"<p>BS COMUNICA\u00c7\u00c3O | Assessoria de Imprensa Expomin\u00e9rio 2024 A tributa\u00e7\u00e3o em cima da atividade mineral foi tema do painel \u201cMinera\u00e7\u00e3o e Tributa\u00e7\u00e3o\u201d, nesta sexta-feira (08.11), durante a 2\u00aa Expomin\u00e9rio. O advogado e gerente jur\u00eddico da Equinox Gold, Leonardo Gandara, o conselheiro titular do Conselho Administrativo de Recursos Fiscais (CARF), Yendis Costa, e o vice-presidente do [&hellip;]<\/p>\n","protected":false},"author":3,"featured_media":726,"comment_status":"open","ping_status":"open","sticky":false,"template":"","format":"standard","meta":{"_coblocks_attr":"","_coblocks_dimensions":"","_coblocks_responsive_height":"","_coblocks_accordion_ie_support":"","footnotes":""},"categories":[],"tags":[],"class_list":["post-725","post","type-post","status-publish","format-standard","has-post-thumbnail","hentry"],"_links":{"self":[{"href":"https:\/\/expominerio.com.br\/en\/wp-json\/wp\/v2\/posts\/725","targetHints":{"allow":["GET"]}}],"collection":[{"href":"https:\/\/expominerio.com.br\/en\/wp-json\/wp\/v2\/posts"}],"about":[{"href":"https:\/\/expominerio.com.br\/en\/wp-json\/wp\/v2\/types\/post"}],"author":[{"embeddable":true,"href":"https:\/\/expominerio.com.br\/en\/wp-json\/wp\/v2\/users\/3"}],"replies":[{"embeddable":true,"href":"https:\/\/expominerio.com.br\/en\/wp-json\/wp\/v2\/comments?post=725"}],"version-history":[{"count":1,"href":"https:\/\/expominerio.com.br\/en\/wp-json\/wp\/v2\/posts\/725\/revisions"}],"predecessor-version":[{"id":727,"href":"https:\/\/expominerio.com.br\/en\/wp-json\/wp\/v2\/posts\/725\/revisions\/727"}],"wp:featuredmedia":[{"embeddable":true,"href":"https:\/\/expominerio.com.br\/en\/wp-json\/wp\/v2\/media\/726"}],"wp:attachment":[{"href":"https:\/\/expominerio.com.br\/en\/wp-json\/wp\/v2\/media?parent=725"}],"wp:term":[{"taxonomy":"category","embeddable":true,"href":"https:\/\/expominerio.com.br\/en\/wp-json\/wp\/v2\/categories?post=725"},{"taxonomy":"post_tag","embeddable":true,"href":"https:\/\/expominerio.com.br\/en\/wp-json\/wp\/v2\/tags?post=725"}],"curies":[{"name":"wp","href":"https:\/\/api.w.org\/{rel}","templated":true}]}}