{"id":705,"date":"2024-11-08T14:37:04","date_gmt":"2024-11-08T14:37:04","guid":{"rendered":"https:\/\/expominerio.com.br\/?p=705"},"modified":"2024-11-08T14:39:44","modified_gmt":"2024-11-08T14:39:44","slug":"aldo-rebelo-critica-ongs-e-mpf-por-bloqueios-a-mineracao-na-amazonia-e-defende-uso-responsavel-dos-recursos-minerais-brasileiros","status":"publish","type":"post","link":"https:\/\/expominerio.com.br\/en\/aldo-rebelo-critica-ongs-e-mpf-por-bloqueios-a-mineracao-na-amazonia-e-defende-uso-responsavel-dos-recursos-minerais-brasileiros\/","title":{"rendered":"Aldo Rebelo critica ONGs e MPF por bloqueios \u00e0 minera\u00e7\u00e3o na Amaz\u00f4nia e defende uso respons\u00e1vel dos recursos minerais brasileiros"},"content":{"rendered":"<p><\/p>\n\n\n\n<p>Ex-ministro da Defesa diz que o pa\u00eds n\u00e3o explora recursos minerais da melhor forma por interesses externos<\/p>\n\n\n\n<p>BS COMUNICA\u00c7\u00c3O | Assessoria de Imprensa Expomin\u00e9rio 2024<\/p>\n\n\n\n<p>O ex-ministro da Defesa e ex-deputado federal, Aldo Rebelo, destacou a import\u00e2ncia da explora\u00e7\u00e3o mineral para o desenvolvimento do Brasil e n\u00e3o poupou cr\u00edticas ao papel de ONGs e do Minist\u00e9rio P\u00fablico Federal (MPF) que, segundo ele, t\u00eam imposto obst\u00e1culos ao setor em nome de interesses internacionais e em detrimento do crescimento econ\u00f4mico do pa\u00eds. Ele ministrou a palestra magna \u201cMinera\u00e7\u00e3o na Amaz\u00f4nia: Desafios e oportunidades\u201d, no primeiro dia da 2\u00aa Expomin\u00e9rio, na quinta-feira (07.11).<\/p>\n\n\n\n<p>\u201cA minera\u00e7\u00e3o \u00e9 uma d\u00e1diva que a natureza e Deus ofereceram ao Brasil, mas infelizmente o pa\u00eds n\u00e3o tem aproveitado esses recursos da melhor forma\u201d, afirmou Rebelo, enfatizando que o Brasil possui a maior fronteira mineral do mundo, especialmente na Amaz\u00f4nia, que concentra uma vasta gama de minerais como ouro, cobre, n\u00edquel e tungst\u00eanio. Segundo o ex-ministro, esses recursos naturais t\u00eam sido \u201cbloqueados por interesses externos\u201d, em grande parte por meio de a\u00e7\u00f5es de ONGs financiadas do exterior e apoiadas por institui\u00e7\u00f5es nacionais.<\/p>\n\n\n\n<p>Rebelo aponta o MPF como um ator relevante na imposi\u00e7\u00e3o de barreiras \u00e0 minera\u00e7\u00e3o, especialmente na Amaz\u00f4nia. Ele tamb\u00e9m criticou a atua\u00e7\u00e3o de \u00f3rg\u00e3os ambientais e do Minist\u00e9rio das Popula\u00e7\u00f5es Ind\u00edgenas que, em sua vis\u00e3o, trabalham contra os interesses do pa\u00eds ao restringirem a explora\u00e7\u00e3o dos recursos naturais em uma das regi\u00f5es mais ricas do Brasil.<\/p>\n\n\n\n<p>\u201cO Estado brasileiro precisa enfrentar o bloqueio do Minist\u00e9rio P\u00fablico Federal, que tem agido como bra\u00e7o jur\u00eddico das ONGs contra os interesses do Brasil\u201d, declarou.<\/p>\n\n\n\n<p>O ex-ministro tamb\u00e9m argumentou que, enquanto Minas Gerais e partes do Mato Grosso t\u00eam fronteiras minerais estabelecidas e com regulamenta\u00e7\u00f5es j\u00e1 em pr\u00e1tica, a Amaz\u00f4nia \u00e9 uma fronteira nova, mas que sofre com bloqueio essa riqueza e condenam a popula\u00e7\u00e3o local \u00e0 pobreza eterna.<\/p>\n\n\n\n<p>\u201cCriou-se um aparato de ONGs com apoio do Minist\u00e9rio P\u00fablico, do Ibama, da Funai, do Minist\u00e9rio do Meio Ambiente, do Minist\u00e9rio das Popula\u00e7\u00f5es Ind\u00edgenas para bloquear essa riqueza e condenar a nossa popula\u00e7\u00e3o \u00e0 pobreza eterna, que \u00e9 isso que eles fazem. S\u00f3 quem consegue ter emprego na Amaz\u00f4nia e ser bem remunerado s\u00e3o os executivos das ONGs e \u00e9 isso que n\u00f3s devemos enfrentar\u201d.<\/p>\n\n\n\n<p>Aldo Rebelo defendeu que o Brasil deve aproveitar os recursos naturais da Amaz\u00f4nia com responsabilidade ambiental e social, promovendo empregos e desenvolvimento para a regi\u00e3o. Para ele, a minera\u00e7\u00e3o \u00e9 uma quest\u00e3o de soberania e de desenvolvimento social e econ\u00f4mico para o pa\u00eds, destacando que \u00e9 dever do Estado brasileiro superar os bloqueios e promover pol\u00edticas que garantam o uso sustent\u00e1vel dos recursos minerais.<\/p>\n\n\n\n<p>Sobre a Expomin\u00e9rio 2024<\/p>\n\n\n\n<p>A Expomin\u00e9rio 2024 segue com programa\u00e7\u00e3o at\u00e9 s\u00e1bado (09.11), com hor\u00e1rio para visita\u00e7\u00e3o das 8h \u00e0s 20h, no Centro de Eventos do Pantanal, al\u00e9m de palestras e cursos. O evento conta com o patroc\u00ednio oficial do Governo de Mato Grosso, por meio da Secretaria de Estado de Desenvolvimento Econ\u00f4mico (Sedec) e da Companhia de Minera\u00e7\u00e3o de Mato Grosso (Metamat). Tamb\u00e9m tem patroc\u00ednio da Alpha Minerals e da Federa\u00e7\u00e3o das Cooperativas de Minera\u00e7\u00e3o de Mato Grosso (Fecomin), Azevedo Sette Advogados, Nexa, Keystone, Aura Apoena, Rio Caba\u00e7al Minera\u00e7\u00e3o, Ero Brasil Xavantina e Fomentas Mining Company.<\/p>\n\n\n\n<p>O evento conta com apoio institucional da Assembleia Legislativa de Mato Grosso (ALMT), Grupo de Trabalho da Minera\u00e7\u00e3o da ALMT, Frente Parlamentar da Minera\u00e7\u00e3o Sustent\u00e1vel (FPMin), Ag\u00eancia Nacional de Minera\u00e7\u00e3o (ANM), Instituto Brasileiro de Gemas &amp; Metais Preciosos (IBGM), Associa\u00e7\u00e3o dos Profissionais Ge\u00f3logos do Estado de Mato Grosso (Agemat), Federa\u00e7\u00e3o Brasileira dos Ge\u00f3logos (Febrageo), N\u00facleo de Minera\u00e7\u00e3o da USP (Nap.Minera\u00e7\u00e3o), C\u00e2mara de Com\u00e9rcio Brasil-Canad\u00e1, Universidade Federal de Mato Grosso (UFMT) e a Abrasel.<\/p>\n\n\n\n<p><\/p>","protected":false},"excerpt":{"rendered":"<p>Ex-ministro da Defesa diz que o pa\u00eds n\u00e3o explora recursos minerais da melhor forma por interesses externos BS COMUNICA\u00c7\u00c3O | Assessoria de Imprensa Expomin\u00e9rio 2024 O ex-ministro da Defesa e ex-deputado federal, Aldo Rebelo, destacou a import\u00e2ncia da explora\u00e7\u00e3o mineral para o desenvolvimento do Brasil e n\u00e3o poupou cr\u00edticas ao papel de ONGs e do [&hellip;]<\/p>\n","protected":false},"author":3,"featured_media":707,"comment_status":"open","ping_status":"open","sticky":false,"template":"","format":"standard","meta":{"_coblocks_attr":"","_coblocks_dimensions":"","_coblocks_responsive_height":"","_coblocks_accordion_ie_support":"","footnotes":""},"categories":[],"tags":[],"class_list":["post-705","post","type-post","status-publish","format-standard","has-post-thumbnail","hentry"],"_links":{"self":[{"href":"https:\/\/expominerio.com.br\/en\/wp-json\/wp\/v2\/posts\/705","targetHints":{"allow":["GET"]}}],"collection":[{"href":"https:\/\/expominerio.com.br\/en\/wp-json\/wp\/v2\/posts"}],"about":[{"href":"https:\/\/expominerio.com.br\/en\/wp-json\/wp\/v2\/types\/post"}],"author":[{"embeddable":true,"href":"https:\/\/expominerio.com.br\/en\/wp-json\/wp\/v2\/users\/3"}],"replies":[{"embeddable":true,"href":"https:\/\/expominerio.com.br\/en\/wp-json\/wp\/v2\/comments?post=705"}],"version-history":[{"count":3,"href":"https:\/\/expominerio.com.br\/en\/wp-json\/wp\/v2\/posts\/705\/revisions"}],"predecessor-version":[{"id":709,"href":"https:\/\/expominerio.com.br\/en\/wp-json\/wp\/v2\/posts\/705\/revisions\/709"}],"wp:featuredmedia":[{"embeddable":true,"href":"https:\/\/expominerio.com.br\/en\/wp-json\/wp\/v2\/media\/707"}],"wp:attachment":[{"href":"https:\/\/expominerio.com.br\/en\/wp-json\/wp\/v2\/media?parent=705"}],"wp:term":[{"taxonomy":"category","embeddable":true,"href":"https:\/\/expominerio.com.br\/en\/wp-json\/wp\/v2\/categories?post=705"},{"taxonomy":"post_tag","embeddable":true,"href":"https:\/\/expominerio.com.br\/en\/wp-json\/wp\/v2\/tags?post=705"}],"curies":[{"name":"wp","href":"https:\/\/api.w.org\/{rel}","templated":true}]}}