{"id":683,"date":"2024-11-07T21:36:28","date_gmt":"2024-11-07T21:36:28","guid":{"rendered":"https:\/\/expominerio.com.br\/?p=683"},"modified":"2024-11-07T21:36:28","modified_gmt":"2024-11-07T21:36:28","slug":"tribunais-superiores-podem-aumentar-custos-na-mineracao-alertam-advogados","status":"publish","type":"post","link":"https:\/\/expominerio.com.br\/en\/tribunais-superiores-podem-aumentar-custos-na-mineracao-alertam-advogados\/","title":{"rendered":"Tribunais superiores podem aumentar custos na minera\u00e7\u00e3o, alertam advogados"},"content":{"rendered":"<p class=\"has-text-align-center\"><em>Decis\u00f5es recentes t\u00eam permitido aos Estados a fazer cobran\u00e7a de taxas minerais<\/em><\/p>\n\n\n\n<p>BS COMUNICA\u00c7\u00c3O | Assessoria de Imprensa Expomin\u00e9rio 2024 <br><br>Durante o painel \u201cO impacto das decis\u00f5es dos tribunais superiores na minera\u00e7\u00e3o\u201d, realizado para discutir desafios do setor, os advogados L\u00e9o Farinha, Cris Jacoud e Naiara Boscoli alertaram mineradores sobre a import\u00e2ncia de acompanhar as decis\u00f5es do Superior Tribunal de Justi\u00e7a (STJ) e do Supremo Tribunal Federal (STF), que t\u00eam impacto significativo sobre os custos e a viabilidade das atividades miner\u00e1rias. Segundo os especialistas, as jurisprud\u00eancias recentes dessas cortes podem onerar o setor e exigem aten\u00e7\u00e3o constante dos empreendedores.<\/p>\n\n\n\n<p>L\u00e9o Farinha, advogado especialista em Direito Civil, ressaltou que o papel dos tribunais superiores \u00e9 fundamental para garantir a seguran\u00e7a jur\u00eddica, trazendo previsibilidade e uniformidade nas decis\u00f5es judiciais, o que, segundo ele, afeta diretamente os mineradores.<\/p>\n\n\n\n<p>\u201cO STF e o STJ t\u00eam a fun\u00e7\u00e3o de seguran\u00e7a jur\u00eddica, de deixar que haja previsibilidade e uniformidade das decis\u00f5es judiciais. Ent\u00e3o, \u00e9 muito importante que todo empreendedor se atente para as decis\u00f5es proferidas por esses tribunais superiores\u201d, explicou durante o primeiro dia da 2\u00aa Expomin\u00e9rio.<\/p>\n\n\n\n<p>Entre os pontos levantados, Farinha destacou que os tribunais superiores j\u00e1 firmaram entendimento de que o dano ambiental \u00e9 imprescrit\u00edvel, ou seja, ele acompanha a cadeia de aquisi\u00e7\u00e3o de um im\u00f3vel.<\/p>\n\n\n\n<p>\u201cSempre que a pessoa for adquirir um im\u00f3vel, ela deve fazer uma verifica\u00e7\u00e3o m\u00ednima se h\u00e1 algum dano ambiental, pois isso pode voltar at\u00e9 ela\u201d, afirmou. Esse entendimento refor\u00e7a a responsabilidade ambiental do empreendedor, que pode ter que arcar com passivos ambientais mesmo que os danos tenham ocorrido antes da sua posse do im\u00f3vel.<\/p>\n\n\n\n<p>Outro tema de impacto nas atividades mineradoras mencionado pelo advogado foram as taxas de fiscaliza\u00e7\u00e3o. Recentemente, o STF, por meio do ministro Lu\u00eds Roberto Barroso, julgou como constitucionais as taxas de fiscaliza\u00e7\u00e3o ambiental, abrindo espa\u00e7o para que estados, incluindo Mato Grosso, realizem a cobran\u00e7a.<\/p>\n\n\n\n<p><strong>Expomin\u00e9rio 2024<\/strong><\/p>\n\n\n\n<p>A Expomin\u00e9rio 2024 segue com programa\u00e7\u00e3o de hoje at\u00e9 s\u00e1bado (09.11), com hor\u00e1rio para visita\u00e7\u00e3o das 8h \u00e0s 20h, no Centro de Eventos do Pantanal, al\u00e9m de palestras d cursos. O evento conta com o patroc\u00ednio oficial do Governo de Mato Grosso, por meio da Secretaria de Estado de Desenvolvimento Econ\u00f4mico (Sedec) e da Companhia de Minera\u00e7\u00e3o de Mato Grosso (Metamat). Tamb\u00e9m tem patroc\u00ednio da Alpha Minerals e da Federa\u00e7\u00e3o das Cooperativas de Minera\u00e7\u00e3o de Mato Grosso (Fecomin), Azevedo Sette Advogados, Nexa, Keystone, Aura Apoena, Rio Caba\u00e7al Minera\u00e7\u00e3o, Ero Brasil Xavantina e Fomentas Mining Company.<\/p>\n\n\n\n<p>O evento conta com apoio institucional da Assembleia Legislativa de Mato Grosso (ALMT), Grupo de Trabalho da Minera\u00e7\u00e3o da ALMT, Frente Parlamentar da Minera\u00e7\u00e3o Sustent\u00e1vel (FPMin), Ag\u00eancia Nacional de Minera\u00e7\u00e3o (ANM), Instituto Brasileiro de Gemas &amp; Metais Preciosos (IBGM), Associa\u00e7\u00e3o dos Profissionais Ge\u00f3logos do Estado de Mato Grosso (Agemat), Federa\u00e7\u00e3o Brasileira dos Ge\u00f3logos (Febrageo), N\u00facleo de Minera\u00e7\u00e3o da USP (Nap.Minera\u00e7\u00e3o), C\u00e2mara de Com\u00e9rcio Brasil-Canad\u00e1, Universidade Federal de Mato Grosso (UFMT) e a Abrasel.<\/p>\n\n\n\n<p><\/p>","protected":false},"excerpt":{"rendered":"<p>Decis\u00f5es recentes t\u00eam permitido aos Estados a fazer cobran\u00e7a de taxas minerais BS COMUNICA\u00c7\u00c3O | Assessoria de Imprensa Expomin\u00e9rio 2024 Durante o painel \u201cO impacto das decis\u00f5es dos tribunais superiores na minera\u00e7\u00e3o\u201d, realizado para discutir desafios do setor, os advogados L\u00e9o Farinha, Cris Jacoud e Naiara Boscoli alertaram mineradores sobre a import\u00e2ncia de acompanhar as [&hellip;]<\/p>\n","protected":false},"author":3,"featured_media":684,"comment_status":"open","ping_status":"open","sticky":false,"template":"","format":"standard","meta":{"_coblocks_attr":"","_coblocks_dimensions":"","_coblocks_responsive_height":"","_coblocks_accordion_ie_support":"","footnotes":""},"categories":[],"tags":[],"class_list":["post-683","post","type-post","status-publish","format-standard","has-post-thumbnail","hentry"],"_links":{"self":[{"href":"https:\/\/expominerio.com.br\/en\/wp-json\/wp\/v2\/posts\/683","targetHints":{"allow":["GET"]}}],"collection":[{"href":"https:\/\/expominerio.com.br\/en\/wp-json\/wp\/v2\/posts"}],"about":[{"href":"https:\/\/expominerio.com.br\/en\/wp-json\/wp\/v2\/types\/post"}],"author":[{"embeddable":true,"href":"https:\/\/expominerio.com.br\/en\/wp-json\/wp\/v2\/users\/3"}],"replies":[{"embeddable":true,"href":"https:\/\/expominerio.com.br\/en\/wp-json\/wp\/v2\/comments?post=683"}],"version-history":[{"count":1,"href":"https:\/\/expominerio.com.br\/en\/wp-json\/wp\/v2\/posts\/683\/revisions"}],"predecessor-version":[{"id":685,"href":"https:\/\/expominerio.com.br\/en\/wp-json\/wp\/v2\/posts\/683\/revisions\/685"}],"wp:featuredmedia":[{"embeddable":true,"href":"https:\/\/expominerio.com.br\/en\/wp-json\/wp\/v2\/media\/684"}],"wp:attachment":[{"href":"https:\/\/expominerio.com.br\/en\/wp-json\/wp\/v2\/media?parent=683"}],"wp:term":[{"taxonomy":"category","embeddable":true,"href":"https:\/\/expominerio.com.br\/en\/wp-json\/wp\/v2\/categories?post=683"},{"taxonomy":"post_tag","embeddable":true,"href":"https:\/\/expominerio.com.br\/en\/wp-json\/wp\/v2\/tags?post=683"}],"curies":[{"name":"wp","href":"https:\/\/api.w.org\/{rel}","templated":true}]}}