{"id":676,"date":"2024-11-07T21:19:58","date_gmt":"2024-11-07T21:19:58","guid":{"rendered":"https:\/\/expominerio.com.br\/?p=676"},"modified":"2024-11-07T21:19:58","modified_gmt":"2024-11-07T21:19:58","slug":"especialistas-debatem-desafios-do-setor-minerario-na-perspectiva-criminal-na-expominerio","status":"publish","type":"post","link":"https:\/\/expominerio.com.br\/en\/especialistas-debatem-desafios-do-setor-minerario-na-perspectiva-criminal-na-expominerio\/","title":{"rendered":"Especialistas debatem desafios do setor miner\u00e1rio na perspectiva criminal na Expomin\u00e9rio"},"content":{"rendered":"<p class=\"has-text-align-center\"><em>Dentre os pontos das discuss\u00f5es foi apontada a necessidade de parcerias entre diversos setores para aprimorar a gest\u00e3o p\u00fablica e prevenir conflitos<\/em><\/p>\n\n\n\n<p>BS COMUNICA\u00c7\u00c3O | Assessoria de Imprensa Expomin\u00e9rio 2024<\/p>\n\n\n\n<p>O painel sobre os \u201cDesafios do Setor Miner\u00e1rio sob a Perspectiva Criminal\u201d na 2\u00aa Expomin\u00e9rio reuniu a delegada da Pol\u00edcia Civil de Mato Grosso, Alessandra Saturnino, o advogado criminalista Bruno Ferreira e o agr\u00f4nomo especialista em defesa ambiental, Wladimir Almeida, para discutir a import\u00e2ncia da regulariza\u00e7\u00e3o e das implica\u00e7\u00f5es legais e socioambientais da atividade mineradora.<\/p>\n\n\n\n<p>Dentre os pontos das discuss\u00f5es foi apontada a necessidade de parcerias entre diversos setores para aprimorar a gest\u00e3o p\u00fablica e prevenir conflitos.<\/p>\n\n\n\n<p>A delegada Alessandra Saturnino enfatizou o papel da Pol\u00edcia Civil n\u00e3o apenas como \u00f3rg\u00e3o repressor, mas tamb\u00e9m como parceira na busca por melhorias na gest\u00e3o p\u00fablica, em linha com o Objetivo de Desenvolvimento Sustent\u00e1vel (ODS) 17 da ONU, que promove parcerias eficazes.<\/p>\n\n\n\n<figure class=\"wp-block-image size-large\"><img fetchpriority=\"high\" decoding=\"async\" width=\"1024\" height=\"682\" src=\"https:\/\/expominerio.com.br\/wp-content\/uploads\/2024\/11\/WhatsApp-Image-2024-11-07-at-17.15.09-1024x682.jpeg\" alt=\"\" class=\"wp-image-678\" srcset=\"https:\/\/expominerio.com.br\/wp-content\/uploads\/2024\/11\/WhatsApp-Image-2024-11-07-at-17.15.09-1024x682.jpeg 1024w, https:\/\/expominerio.com.br\/wp-content\/uploads\/2024\/11\/WhatsApp-Image-2024-11-07-at-17.15.09-300x200.jpeg 300w, https:\/\/expominerio.com.br\/wp-content\/uploads\/2024\/11\/WhatsApp-Image-2024-11-07-at-17.15.09-768x512.jpeg 768w, https:\/\/expominerio.com.br\/wp-content\/uploads\/2024\/11\/WhatsApp-Image-2024-11-07-at-17.15.09-1536x1023.jpeg 1536w, https:\/\/expominerio.com.br\/wp-content\/uploads\/2024\/11\/WhatsApp-Image-2024-11-07-at-17.15.09-18x12.jpeg 18w, https:\/\/expominerio.com.br\/wp-content\/uploads\/2024\/11\/WhatsApp-Image-2024-11-07-at-17.15.09.jpeg 1600w\" sizes=\"(max-width: 1024px) 100vw, 1024px\" \/><\/figure>\n\n\n\n<p>\u201cA sociedade civil precisa enxergar que os procedimentos investigativos, al\u00e9m da responsabiliza\u00e7\u00e3o criminal, t\u00eam o objetivo de auxiliar a melhoria da gest\u00e3o p\u00fablica. A regulariza\u00e7\u00e3o \u00e9 essencial para a sustentabilidade das atividades miner\u00e1rias, que possuem um grande potencial poluidor, como \u00e9 o caso da garimpagem.<\/p>\n\n\n\n<p>Segundo a delegada, o Direito Penal garante que os empreendedores respeitem as normas ambientais e de seguran\u00e7a, contribuindo para um desenvolvimento que beneficia a sociedade e protege o meio ambiente.<\/p>\n\n\n\n<p>O advogado Bruno Ferreira ressaltou que a regularidade ambiental e legal \u00e9, al\u00e9m de necess\u00e1ria, economicamente vi\u00e1vel para as empresas do setor.<\/p>\n\n\n\n<figure class=\"wp-block-image size-large\"><img decoding=\"async\" width=\"1024\" height=\"682\" src=\"https:\/\/expominerio.com.br\/wp-content\/uploads\/2024\/11\/WhatsApp-Image-2024-11-07-at-17.17.49-1024x682.jpeg\" alt=\"\" class=\"wp-image-679\" srcset=\"https:\/\/expominerio.com.br\/wp-content\/uploads\/2024\/11\/WhatsApp-Image-2024-11-07-at-17.17.49-1024x682.jpeg 1024w, https:\/\/expominerio.com.br\/wp-content\/uploads\/2024\/11\/WhatsApp-Image-2024-11-07-at-17.17.49-300x200.jpeg 300w, https:\/\/expominerio.com.br\/wp-content\/uploads\/2024\/11\/WhatsApp-Image-2024-11-07-at-17.17.49-768x512.jpeg 768w, https:\/\/expominerio.com.br\/wp-content\/uploads\/2024\/11\/WhatsApp-Image-2024-11-07-at-17.17.49-1536x1023.jpeg 1536w, https:\/\/expominerio.com.br\/wp-content\/uploads\/2024\/11\/WhatsApp-Image-2024-11-07-at-17.17.49-18x12.jpeg 18w, https:\/\/expominerio.com.br\/wp-content\/uploads\/2024\/11\/WhatsApp-Image-2024-11-07-at-17.17.49.jpeg 1600w\" sizes=\"(max-width: 1024px) 100vw, 1024px\" \/><\/figure>\n\n\n\n<p>\u201c\u00c9 vi\u00e1vel financeiramente manter-se em conformidade; o retorno disso \u00e9 muito satisfat\u00f3rio. A preven\u00e7\u00e3o de san\u00e7\u00f5es criminais e ambientais \u00e9 essencial e pode ser alcan\u00e7ada com o cumprimento das normas\u201d. Ao mostrar os benef\u00edcios econ\u00f4micos de uma opera\u00e7\u00e3o regular, Ferreira destacou a import\u00e2ncia de conscientizar t\u00e9cnicos e gestores sobre os riscos da irregularidade.<\/p>\n\n\n\n<p>O agr\u00f4nomo e especialista em defesa ambiental, Wladimir Almeida, elogiou o painel como uma oportunidade para fomentar discuss\u00f5es racionais sobre os desafios do setor. Ele refor\u00e7ou a import\u00e2ncia de menos milit\u00e2ncia e mais di\u00e1logo t\u00e9cnico, a fim de construir consensos que possibilitem resolver os conflitos miner\u00e1rios de forma sustent\u00e1vel e colaborativa.<\/p>\n\n\n\n<p>\u201cA tecnologia de monitoramento, como imagens de sat\u00e9lite, prova que n\u00e3o adianta se esconder da lei. \u00c9 preciso antecipar e buscar formas corretas de trabalho. O setor precisa reconhecer seus deveres sociais, incluindo os impactos para as comunidades afetadas pela minera\u00e7\u00e3o\u201d.<\/p>\n\n\n\n<figure class=\"wp-block-image size-large\"><img decoding=\"async\" width=\"1024\" height=\"682\" src=\"https:\/\/expominerio.com.br\/wp-content\/uploads\/2024\/11\/WhatsApp-Image-2024-11-07-at-17.17.49-1-1024x682.jpeg\" alt=\"\" class=\"wp-image-680\" srcset=\"https:\/\/expominerio.com.br\/wp-content\/uploads\/2024\/11\/WhatsApp-Image-2024-11-07-at-17.17.49-1-1024x682.jpeg 1024w, https:\/\/expominerio.com.br\/wp-content\/uploads\/2024\/11\/WhatsApp-Image-2024-11-07-at-17.17.49-1-300x200.jpeg 300w, https:\/\/expominerio.com.br\/wp-content\/uploads\/2024\/11\/WhatsApp-Image-2024-11-07-at-17.17.49-1-768x512.jpeg 768w, https:\/\/expominerio.com.br\/wp-content\/uploads\/2024\/11\/WhatsApp-Image-2024-11-07-at-17.17.49-1-1536x1023.jpeg 1536w, https:\/\/expominerio.com.br\/wp-content\/uploads\/2024\/11\/WhatsApp-Image-2024-11-07-at-17.17.49-1-18x12.jpeg 18w, https:\/\/expominerio.com.br\/wp-content\/uploads\/2024\/11\/WhatsApp-Image-2024-11-07-at-17.17.49-1.jpeg 1600w\" sizes=\"(max-width: 1024px) 100vw, 1024px\" \/><\/figure>\n\n\n\n<p>O painel mostrou que o di\u00e1logo entre as \u00e1reas jur\u00eddica, ambiental e policial pode levar a um desenvolvimento mais sustent\u00e1vel da minera\u00e7\u00e3o, abordando os conflitos e desafios que afetam todos os envolvidos.<\/p>\n\n\n\n<p><strong>Expomin\u00e9rio 2024<\/strong><\/p>\n\n\n\n<p>A Expomin\u00e9rio 2024 segue com programa\u00e7\u00e3o de hoje at\u00e9 s\u00e1bado (09.11), com hor\u00e1rio para visita\u00e7\u00e3o das 8h \u00e0s 20h, no Centro de Eventos do Pantanal, al\u00e9m de palestras d cursos. O evento conta com o patroc\u00ednio oficial do Governo de Mato Grosso, por meio da Secretaria de Estado de Desenvolvimento Econ\u00f4mico (Sedec) e da Companhia de Minera\u00e7\u00e3o de Mato Grosso (Metamat). Tamb\u00e9m tem patroc\u00ednio da Alpha Minerals e da Federa\u00e7\u00e3o das Cooperativas de Minera\u00e7\u00e3o de Mato Grosso (Fecomin), Azevedo Sette Advogados, Nexa, Keystone, Aura Apoena, Rio Caba\u00e7al Minera\u00e7\u00e3o, Ero Brasil Xavantina e Fomentas Mining Company.<\/p>\n\n\n\n<p>O evento conta com apoio institucional da Assembleia Legislativa de Mato Grosso (ALMT), Grupo de Trabalho da Minera\u00e7\u00e3o da ALMT, Frente Parlamentar da Minera\u00e7\u00e3o Sustent\u00e1vel (FPMin), Ag\u00eancia Nacional de Minera\u00e7\u00e3o (ANM), Instituto Brasileiro de Gemas &amp; Metais Preciosos (IBGM), Associa\u00e7\u00e3o dos Profissionais Ge\u00f3logos do Estado de Mato Grosso (Agemat), Federa\u00e7\u00e3o Brasileira dos Ge\u00f3logos (Febrageo), N\u00facleo de Minera\u00e7\u00e3o da USP (Nap.Minera\u00e7\u00e3o), C\u00e2mara de Com\u00e9rcio Brasil-Canad\u00e1, Universidade Federal de Mato Grosso (UFMT) e a Abrasel.<\/p>","protected":false},"excerpt":{"rendered":"<p>Dentre os pontos das discuss\u00f5es foi apontada a necessidade de parcerias entre diversos setores para aprimorar a gest\u00e3o p\u00fablica e prevenir conflitos BS COMUNICA\u00c7\u00c3O | Assessoria de Imprensa Expomin\u00e9rio 2024 O painel sobre os \u201cDesafios do Setor Miner\u00e1rio sob a Perspectiva Criminal\u201d na 2\u00aa Expomin\u00e9rio reuniu a delegada da Pol\u00edcia Civil de Mato Grosso, Alessandra [&hellip;]<\/p>\n","protected":false},"author":3,"featured_media":677,"comment_status":"open","ping_status":"open","sticky":false,"template":"","format":"standard","meta":{"_coblocks_attr":"","_coblocks_dimensions":"","_coblocks_responsive_height":"","_coblocks_accordion_ie_support":"","footnotes":""},"categories":[],"tags":[],"class_list":["post-676","post","type-post","status-publish","format-standard","has-post-thumbnail","hentry"],"_links":{"self":[{"href":"https:\/\/expominerio.com.br\/en\/wp-json\/wp\/v2\/posts\/676","targetHints":{"allow":["GET"]}}],"collection":[{"href":"https:\/\/expominerio.com.br\/en\/wp-json\/wp\/v2\/posts"}],"about":[{"href":"https:\/\/expominerio.com.br\/en\/wp-json\/wp\/v2\/types\/post"}],"author":[{"embeddable":true,"href":"https:\/\/expominerio.com.br\/en\/wp-json\/wp\/v2\/users\/3"}],"replies":[{"embeddable":true,"href":"https:\/\/expominerio.com.br\/en\/wp-json\/wp\/v2\/comments?post=676"}],"version-history":[{"count":1,"href":"https:\/\/expominerio.com.br\/en\/wp-json\/wp\/v2\/posts\/676\/revisions"}],"predecessor-version":[{"id":681,"href":"https:\/\/expominerio.com.br\/en\/wp-json\/wp\/v2\/posts\/676\/revisions\/681"}],"wp:featuredmedia":[{"embeddable":true,"href":"https:\/\/expominerio.com.br\/en\/wp-json\/wp\/v2\/media\/677"}],"wp:attachment":[{"href":"https:\/\/expominerio.com.br\/en\/wp-json\/wp\/v2\/media?parent=676"}],"wp:term":[{"taxonomy":"category","embeddable":true,"href":"https:\/\/expominerio.com.br\/en\/wp-json\/wp\/v2\/categories?post=676"},{"taxonomy":"post_tag","embeddable":true,"href":"https:\/\/expominerio.com.br\/en\/wp-json\/wp\/v2\/tags?post=676"}],"curies":[{"name":"wp","href":"https:\/\/api.w.org\/{rel}","templated":true}]}}