{"id":670,"date":"2024-10-28T19:25:24","date_gmt":"2024-10-28T19:25:24","guid":{"rendered":"https:\/\/expominerio.com.br\/?p=670"},"modified":"2024-11-07T19:27:07","modified_gmt":"2024-11-07T19:27:07","slug":"mineradores-destacam-o-potencial-economico-da-mineracao-em-mt","status":"publish","type":"post","link":"https:\/\/expominerio.com.br\/en\/mineradores-destacam-o-potencial-economico-da-mineracao-em-mt\/","title":{"rendered":"Mineradores destacam o potencial econ\u00f4mico da minera\u00e7\u00e3o em MT"},"content":{"rendered":"<p class=\"has-text-align-center\"><em>Durante o lan\u00e7amento oficial da 2\u00aa Expomin\u00e9rio, a seriedade da atividade foi ressaltada por organizadores e patrocinadores<\/em><\/p>\n\n\n\n<p>BS Comunica\u00e7\u00e3o | Assessoria de Imprensa Expomin\u00e9rio<\/p>\n\n\n\n<p>\u00c9 momento de mostrar \u00e0 sociedade que a atividade de minera\u00e7\u00e3o autorizada e regulamentada por legisla\u00e7\u00f5es federais e estaduais faz pela nossa economia. Essa foi a t\u00f4nica do lan\u00e7amento oficial da 2\u00aa Expomin\u00e9rio, realizado na noite de sexta-feira (25.10), no A\u00e7ougue 154, em Cuiab\u00e1. O evento reuniu mineradores, organizadores, patrocinadores, apoiadores e membros da imprensa.<\/p>\n\n\n\n<p>\u201cA minera\u00e7\u00e3o \u00e9 uma atividade legalizada que deve ser cada vez mais profissionalizada\u201d, defendeu a advogada P\u00e2mela Alegria, uma das organizadoras da 2\u00aa Expomin\u00e9rio, que ocorrer\u00e1 de 7 a 9 de novembro, no Centro de Eventos do Pantanal.<\/p>\n\n\n\n<p>O evento, que inicialmente foi planejado para 300 pessoas em 2023, reuniu mais de duas mil pessoas, e a expectativa \u00e9 de que neste ano mais de 5 mil pessoas participem dos tr\u00eas dias de exposi\u00e7\u00f5es, palestras, oficinas e capacita\u00e7\u00f5es sobre a atividade mineradora em Mato Grosso.<\/p>\n\n\n\n<p>\u201cO setor de minera\u00e7\u00e3o em Mato Grosso \u00e9 muito forte. \u00c9 o sexto maior em produ\u00e7\u00e3o mineral do Brasil, e a inten\u00e7\u00e3o \u00e9 que a Expomin\u00e9rio se torne uma refer\u00eancia na minera\u00e7\u00e3o, assim como a Expoagro \u00e9 para o agroneg\u00f3cio. Isso depende de todos n\u00f3s, unindo for\u00e7as para tornar esse evento ainda maior\u201d, comentou o jornalista Disney de Paula, tamb\u00e9m um dos organizadores do evento.<\/p>\n\n\n\n<p>Em Mato Grosso, cerca de 85% dos mineradores s\u00e3o pequenos empres\u00e1rios, e a chegada de grandes empresas, como a Nexa, tem mudado a realidade de muitos munic\u00edpios. Aripuan\u00e3 (a 1.200 km de Cuiab\u00e1) tem sentido essa mudan\u00e7a com o aumento populacional e a movimenta\u00e7\u00e3o no com\u00e9rcio local.<\/p>\n\n\n\n<p>\u201cN\u00f3s conseguimos colocar Mato Grosso de forma efetiva numa vitrine no cen\u00e1rio nacional, que se transportou para um vi\u00e9s internacional, atraindo v\u00e1rias entidades com interesses de investimento. E esse passo precisa ter continuidade. Lan\u00e7amos oficialmente a 2\u00aa Expomin\u00e9rio, edi\u00e7\u00e3o 2024, para que as pessoas conhe\u00e7am, efetivamente, a minera\u00e7\u00e3o de Mato Grosso. Teremos v\u00e1rias surpresas, incluindo o lan\u00e7amento do projeto Educa Minera\u00e7\u00e3o, onde vamos trazer crian\u00e7as das escolas estaduais para aprender sobre a minera\u00e7\u00e3o e circularem pela Expomin\u00e9rio. Vamos desmistificar isso desde a inf\u00e2ncia para fortalecer o futuro da nossa atividade\u201d, afirmou P\u00e2mela.<\/p>\n\n\n\n<p>O gerente regional da Ag\u00eancia Nacional de Minera\u00e7\u00e3o (ANM) em Mato Grosso, Levi Sali\u00e8s Filho, destacou que o evento \u00e9 uma oportunidade para o estado se apresentar aos grandes \u2018players\u2019 da minera\u00e7\u00e3o.<\/p>\n\n\n\n<p>\u201cNosso estado nasceu com a minera\u00e7\u00e3o; basta ler um pouco da hist\u00f3ria de Mato Grosso. E por que n\u00e3o ter uma minera\u00e7\u00e3o de excel\u00eancia? Eu sempre digo que, se o agro \u00e9 pop, a minera\u00e7\u00e3o \u00e9 top. E ela pode ser top, sim, se atender \u00e0s normas, respeitar a legisla\u00e7\u00e3o e estar em conformidade com o \u00f3rg\u00e3o regulador, que \u00e9 a ag\u00eancia nacional. Sinto orgulho de estarmos virando essa chave e mostrando que Mato Grosso tamb\u00e9m tem excel\u00eancia na minera\u00e7\u00e3o\u201d.<\/p>\n\n\n\n<p><strong>Expomin\u00e9rio 2024<\/strong> <\/p>\n\n\n\n<p>A Expomin\u00e9rio 2024 conta com o patroc\u00ednio oficial do Governo de Mato Grosso, por meio da Secretaria de Estado de Desenvolvimento Econ\u00f4mico (Sedec) e da Companhia de Minera\u00e7\u00e3o de Mato Grosso (Metamat). Tamb\u00e9m tem patroc\u00ednio da Alpha Minerals e da Federa\u00e7\u00e3o das Cooperativas de Minera\u00e7\u00e3o de Mato Grosso (Fecomin), Azevedo Sette Advogados, Nexa, Keystone, Aura Apoena, Rio Caba\u00e7al Minera\u00e7\u00e3o, Ero Brasil Xavantina e Fomentas Mining Company.<\/p>\n\n\n\n<p>O evento conta com apoio institucional da Assembleia Legislativa de Mato Grosso (ALMT), Grupo de Trabalho da Minera\u00e7\u00e3o da ALMT, Frente Parlamentar da Minera\u00e7\u00e3o Sustent\u00e1vel (FPMin), Ag\u00eancia Nacional de Minera\u00e7\u00e3o (ANM), Instituto Brasileiro de Gemas &amp; Metais Preciosos (IBGM), Associa\u00e7\u00e3o dos Profissionais Ge\u00f3logos do Estado de Mato Grosso (Agemat), Federa\u00e7\u00e3o Brasileira dos Ge\u00f3logos (Febrageo), N\u00facleo de Minera\u00e7\u00e3o da USP (Nap.Minera\u00e7\u00e3o), C\u00e2mara de Com\u00e9rcio Brasil-Canad\u00e1, Universidade Federal de Mato Grosso (UFMT) e a Abrasel.<\/p>","protected":false},"excerpt":{"rendered":"<p>Durante o lan\u00e7amento oficial da 2\u00aa Expomin\u00e9rio, a seriedade da atividade foi ressaltada por organizadores e patrocinadores BS Comunica\u00e7\u00e3o | Assessoria de Imprensa Expomin\u00e9rio \u00c9 momento de mostrar \u00e0 sociedade que a atividade de minera\u00e7\u00e3o autorizada e regulamentada por legisla\u00e7\u00f5es federais e estaduais faz pela nossa economia. Essa foi a t\u00f4nica do lan\u00e7amento oficial da [&hellip;]<\/p>\n","protected":false},"author":3,"featured_media":671,"comment_status":"open","ping_status":"open","sticky":false,"template":"","format":"standard","meta":{"_coblocks_attr":"","_coblocks_dimensions":"","_coblocks_responsive_height":"","_coblocks_accordion_ie_support":"","footnotes":""},"categories":[],"tags":[],"class_list":["post-670","post","type-post","status-publish","format-standard","has-post-thumbnail","hentry"],"_links":{"self":[{"href":"https:\/\/expominerio.com.br\/en\/wp-json\/wp\/v2\/posts\/670","targetHints":{"allow":["GET"]}}],"collection":[{"href":"https:\/\/expominerio.com.br\/en\/wp-json\/wp\/v2\/posts"}],"about":[{"href":"https:\/\/expominerio.com.br\/en\/wp-json\/wp\/v2\/types\/post"}],"author":[{"embeddable":true,"href":"https:\/\/expominerio.com.br\/en\/wp-json\/wp\/v2\/users\/3"}],"replies":[{"embeddable":true,"href":"https:\/\/expominerio.com.br\/en\/wp-json\/wp\/v2\/comments?post=670"}],"version-history":[{"count":1,"href":"https:\/\/expominerio.com.br\/en\/wp-json\/wp\/v2\/posts\/670\/revisions"}],"predecessor-version":[{"id":672,"href":"https:\/\/expominerio.com.br\/en\/wp-json\/wp\/v2\/posts\/670\/revisions\/672"}],"wp:featuredmedia":[{"embeddable":true,"href":"https:\/\/expominerio.com.br\/en\/wp-json\/wp\/v2\/media\/671"}],"wp:attachment":[{"href":"https:\/\/expominerio.com.br\/en\/wp-json\/wp\/v2\/media?parent=670"}],"wp:term":[{"taxonomy":"category","embeddable":true,"href":"https:\/\/expominerio.com.br\/en\/wp-json\/wp\/v2\/categories?post=670"},{"taxonomy":"post_tag","embeddable":true,"href":"https:\/\/expominerio.com.br\/en\/wp-json\/wp\/v2\/tags?post=670"}],"curies":[{"name":"wp","href":"https:\/\/api.w.org\/{rel}","templated":true}]}}