{"id":667,"date":"2024-11-05T19:16:32","date_gmt":"2024-11-05T19:16:32","guid":{"rendered":"https:\/\/expominerio.com.br\/?p=667"},"modified":"2024-11-07T19:17:55","modified_gmt":"2024-11-07T19:17:55","slug":"2a-expominerio-reune-nomes-de-peso-e-debate-tendencias-do-setor-mineral-no-brasil","status":"publish","type":"post","link":"https:\/\/expominerio.com.br\/en\/2a-expominerio-reune-nomes-de-peso-e-debate-tendencias-do-setor-mineral-no-brasil\/","title":{"rendered":"2\u00aa Expomin\u00e9rio re\u00fane nomes de peso e debate tend\u00eancias do setor mineral no Brasil"},"content":{"rendered":"<p><em>O ex-ministro Aldo Rebelo vai fazer palestra magna e evento re\u00fane ainda membros do Senado Federal<\/em><\/p>\n\n\n\n<p>BS Comunica\u00e7\u00e3o | Assessoria de Imprensa Expomin\u00e9rio<\/p>\n\n\n\n<p>A 2\u00aa edi\u00e7\u00e3o da Expomin\u00e9rio, que ocorrer\u00e1 de 7 a 9 de novembro, em Cuiab\u00e1, Mato Grosso, traz uma programa\u00e7\u00e3o robusta com temas essenciais para o setor mineral, e promete discuss\u00f5es de alto n\u00edvel. Entre os palestrantes de destaque est\u00e3o o ex-ministro Aldo Rebelo, reconhecido por sua trajet\u00f3ria pol\u00edtica e vis\u00e3o sobre a explora\u00e7\u00e3o respons\u00e1vel na Amaz\u00f4nia. Ele ministrar\u00e1 palestra magna \u00e0s 18 horas, no primeiro dia do evento.<\/p>\n\n\n\n<p>Outra presen\u00e7a esperada \u00e9 a do diretor da Ag\u00eancia Nacional de Minera\u00e7\u00e3o (ANM), Caio Seabra, que participar\u00e1 em um painel sobre minerais cr\u00edticos e estrat\u00e9gicos e as iniciativas para tornar o Brasil refer\u00eancia na transi\u00e7\u00e3o energ\u00e9tica. Ele falar\u00e1 no painel programado para sexta-feira (08.11), \u00e0s 10h45.<\/p>\n\n\n\n<p>O evento come\u00e7a na manh\u00e3 do dia 7 de novembro com a recep\u00e7\u00e3o e abertura oficial, que tem a presen\u00e7a confirmada do deputado estadual Max Russi, apoiador do evento desde a primeira edi\u00e7\u00e3o e foi requereu a instala\u00e7\u00e3o de uma C\u00e2mara Setorial Tem\u00e1tica (CST) para estudos sobre a minera\u00e7\u00e3o no estado. Em seguida, uma s\u00e9rie de pain\u00e9is e palestras t\u00e9cnicas que buscam integrar as esferas pol\u00edticas, jur\u00eddicas e tecnol\u00f3gicas da minera\u00e7\u00e3o. O primeiro dia \u00e9 marcado por palestras de decis\u00f5es de tribunais superiores e o mercado internacional de investimentos. O presidente da Companhia Mato-grossense de Minera\u00e7\u00e3o (Metamat), Juliano Jorge, abordar\u00e1 as pol\u00edticas p\u00fablicas estaduais para o setor.<\/p>\n\n\n\n<p>Nos dias seguintes, a programa\u00e7\u00e3o abrange um panorama completo sobre a atualidade do setor. Na manh\u00e3 do dia 8, o foco ser\u00e1 em novas tecnologias para recupera\u00e7\u00e3o de ouro fino e tributa\u00e7\u00e3o. Outros temas incluem uso do merc\u00fario, regula\u00e7\u00e3o e impactos ambientais, refletindo o compromisso com uma minera\u00e7\u00e3o respons\u00e1vel e inovadora.<\/p>\n\n\n\n<p>O senador Wellington Fagundes (PL) estar\u00e1 no painel que debater\u00e1 a Minera\u00e7\u00e3o &amp; Marco Regulat\u00f3rio e Risco Jur\u00eddico no Brasil. Ao lado dele estar\u00e3o discutindo o tema os palestrantes Frederico Munia, Dra. Monica Maia e Tasso Mendon\u00e7a.<\/p>\n\n\n\n<p>O \u00faltimo dia (09.11) destaca o papel das mulheres na minera\u00e7\u00e3o, a coexist\u00eancia entre cooperativas e mineradoras, e, no per\u00edodo da tarde, as discuss\u00f5es finais incluem comunica\u00e7\u00e3o de valor e mapeamento geol\u00f3gico. Para fechar, a programa\u00e7\u00e3o cultural com o Sarau Expomin\u00e9rio celebra o evento, oferecendo um espa\u00e7o de integra\u00e7\u00e3o e troca entre os participantes.<\/p>\n\n\n\n<p>\u201cCom nomes importantes, como especialistas nacionais e internacionais, e abordagens que v\u00e3o desde o avan\u00e7o da tecnologia at\u00e9 quest\u00f5es regulat\u00f3rias e socioambientais, a Expomin\u00e9rio 2024 promete consolidar-se como um f\u00f3rum estrat\u00e9gico para a minera\u00e7\u00e3o em Mato Grosso e no Brasil, criando novas oportunidades de neg\u00f3cios e parcerias para o desenvolvimento sustent\u00e1vel do setor\u201d, destacou a advogada P\u00e2mela Alegria, uma das organizadoras do evento.<\/p>\n\n\n\n<p><strong>Expomin\u00e9rio 2024<\/strong><\/p>\n\n\n\n<p>A Expomin\u00e9rio 2024 conta com o patroc\u00ednio oficial do Governo de Mato Grosso, por meio da Secretaria de Estado de Desenvolvimento Econ\u00f4mico (Sedec) e da Companhia de Minera\u00e7\u00e3o de Mato Grosso (Metamat). Tamb\u00e9m tem patroc\u00ednio da Alpha Minerals e da Federa\u00e7\u00e3o das Cooperativas de Minera\u00e7\u00e3o de Mato Grosso (Fecomin), Azevedo Sette Advogados, Nexa, Keystone, Aura Apoena, Rio Caba\u00e7al Minera\u00e7\u00e3o, Ero Brasil Xavantina e Fomentas Mining Company.<\/p>\n\n\n\n<p>O evento conta com apoio institucional da Assembleia Legislativa de Mato Grosso (ALMT), Grupo de Trabalho da Minera\u00e7\u00e3o da ALMT, Frente Parlamentar da Minera\u00e7\u00e3o Sustent\u00e1vel (FPMin), Ag\u00eancia Nacional de Minera\u00e7\u00e3o (ANM), Instituto Brasileiro de Gemas &amp; Metais Preciosos (IBGM), Associa\u00e7\u00e3o dos Profissionais Ge\u00f3logos do Estado de Mato Grosso (Agemat), Federa\u00e7\u00e3o Brasileira dos Ge\u00f3logos (Febrageo), N\u00facleo de Minera\u00e7\u00e3o da USP (Nap.Minera\u00e7\u00e3o), C\u00e2mara de Com\u00e9rcio Brasil-Canad\u00e1, Universidade Federal de Mato Grosso (UFMT) e a Abrasel.<\/p>","protected":false},"excerpt":{"rendered":"<p>O ex-ministro Aldo Rebelo vai fazer palestra magna e evento re\u00fane ainda membros do Senado Federal BS Comunica\u00e7\u00e3o | Assessoria de Imprensa Expomin\u00e9rio A 2\u00aa edi\u00e7\u00e3o da Expomin\u00e9rio, que ocorrer\u00e1 de 7 a 9 de novembro, em Cuiab\u00e1, Mato Grosso, traz uma programa\u00e7\u00e3o robusta com temas essenciais para o setor mineral, e promete discuss\u00f5es de [&hellip;]<\/p>\n","protected":false},"author":3,"featured_media":668,"comment_status":"open","ping_status":"open","sticky":false,"template":"","format":"standard","meta":{"_coblocks_attr":"","_coblocks_dimensions":"","_coblocks_responsive_height":"","_coblocks_accordion_ie_support":"","footnotes":""},"categories":[],"tags":[],"class_list":["post-667","post","type-post","status-publish","format-standard","has-post-thumbnail","hentry"],"_links":{"self":[{"href":"https:\/\/expominerio.com.br\/en\/wp-json\/wp\/v2\/posts\/667","targetHints":{"allow":["GET"]}}],"collection":[{"href":"https:\/\/expominerio.com.br\/en\/wp-json\/wp\/v2\/posts"}],"about":[{"href":"https:\/\/expominerio.com.br\/en\/wp-json\/wp\/v2\/types\/post"}],"author":[{"embeddable":true,"href":"https:\/\/expominerio.com.br\/en\/wp-json\/wp\/v2\/users\/3"}],"replies":[{"embeddable":true,"href":"https:\/\/expominerio.com.br\/en\/wp-json\/wp\/v2\/comments?post=667"}],"version-history":[{"count":1,"href":"https:\/\/expominerio.com.br\/en\/wp-json\/wp\/v2\/posts\/667\/revisions"}],"predecessor-version":[{"id":669,"href":"https:\/\/expominerio.com.br\/en\/wp-json\/wp\/v2\/posts\/667\/revisions\/669"}],"wp:featuredmedia":[{"embeddable":true,"href":"https:\/\/expominerio.com.br\/en\/wp-json\/wp\/v2\/media\/668"}],"wp:attachment":[{"href":"https:\/\/expominerio.com.br\/en\/wp-json\/wp\/v2\/media?parent=667"}],"wp:term":[{"taxonomy":"category","embeddable":true,"href":"https:\/\/expominerio.com.br\/en\/wp-json\/wp\/v2\/categories?post=667"},{"taxonomy":"post_tag","embeddable":true,"href":"https:\/\/expominerio.com.br\/en\/wp-json\/wp\/v2\/tags?post=667"}],"curies":[{"name":"wp","href":"https:\/\/api.w.org\/{rel}","templated":true}]}}