{"id":624,"date":"2024-10-26T16:14:06","date_gmt":"2024-10-26T16:14:06","guid":{"rendered":"https:\/\/expominerio.com.br\/?p=624"},"modified":"2024-10-26T16:15:58","modified_gmt":"2024-10-26T16:15:58","slug":"624-2","status":"publish","type":"post","link":"https:\/\/expominerio.com.br\/en\/624-2\/","title":{"rendered":"Em palestra, organizadores destacam import\u00e2ncia econ\u00f4mica da minera\u00e7\u00e3o e compromisso ambiental"},"content":{"rendered":"<p><\/p>\n\n\n\n<p>Mato Grosso aumentou em 15 vezes a produ\u00e7\u00e3o mineral nos \u00faltimos 10 anos e setor est\u00e1 em ascens\u00e3o no Estado<\/p>\n\n\n\n<p><\/p>\n\n\n\n<p>Mostrar o potencial econ\u00f4mico da minera\u00e7\u00e3o, desmistificar percep\u00e7\u00f5es negativas e destacar pr\u00e1ticas sustent\u00e1veis do setor s\u00e3o alguns dos objetivos da 2\u00aa edi\u00e7\u00e3o da Expomin\u00e9rio, marcada para ocorrer de 7 a 9 de novembro de 2024, no Centro de Eventos do Pantanal, em Cuiab\u00e1. Durante a palestra \u201cComunica\u00e7\u00e3o e Minera\u00e7\u00e3o\u201d, organizada pelo Grupo de Trabalho de Minera\u00e7\u00e3o da Assembleia Legislativa de Mato Grosso (ALMT) nesta sexta-feira (25.10), a advogada e organizadora da 2\u00aa Expomin\u00e9rio, P\u00e2mela Alegria, enfatizou a import\u00e2ncia de divulgar mais as a\u00e7\u00f5es positivas do setor.<\/p>\n\n\n\n<p>\u201cA minera\u00e7\u00e3o est\u00e1 na base da sociedade desde a pedra lascada, e Mato Grosso, em particular, deve sua funda\u00e7\u00e3o a essa busca incans\u00e1vel por min\u00e9rios, com hist\u00f3rias que remontam ao ouro na baixada cuiabana. A minera\u00e7\u00e3o est\u00e1 enraizada na hist\u00f3ria e na economia do estado, que tem uma forte tradi\u00e7\u00e3o extrativista. Queremos mostrar a import\u00e2ncia do setor para o desenvolvimento econ\u00f4mico de Mato Grosso, desmistificando percep\u00e7\u00f5es negativas e destacando pr\u00e1ticas sustent\u00e1veis\u201d, afirmou P\u00e2mela.<\/p>\n\n\n\n<p>O evento reunir\u00e1 empres\u00e1rios e entusiastas do setor e buscar\u00e1 promover uma comunica\u00e7\u00e3o mais objetiva com a sociedade e a imprensa para refor\u00e7ar que minera\u00e7\u00e3o respons\u00e1vel n\u00e3o deve ser confundida com extra\u00e7\u00e3o ilegal de recursos. \u201c\u00c9 preciso separar o crime de uma atividade profissional legalizada, demonstrando \u00e0 sociedade a import\u00e2ncia do setor para o desenvolvimento do estado e do pa\u00eds.\u201d<\/p>\n\n\n\n<p>Al\u00e9m das discuss\u00f5es sobre desenvolvimento sustent\u00e1vel, a 2\u00aa Expomin\u00e9rio abrir\u00e1 espa\u00e7o para debates sobre pol\u00edticas p\u00fablicas voltadas ao setor mineral, tema que enfrenta desafios pol\u00edticos e ambientais. P\u00e2mela tamb\u00e9m destacou o apoio do deputado estadual Max Russi (PSB), presidente do Grupo de Trabalho de Minera\u00e7\u00e3o, a projetos educativos, como o Educa Minera\u00e7\u00e3o, que sensibiliza crian\u00e7as e adolescentes sobre a import\u00e2ncia da minera\u00e7\u00e3o, mostrando seu papel em tecnologias, dispositivos eletr\u00f4nicos, \u00e1gua mineral e infraestrutura.<\/p>\n\n\n\n<p>\u201c\u00c9 uma atividade econ\u00f4mica fundamental e, como qualquer outro setor produtivo, est\u00e1 cada vez mais vinculada \u00e0 responsabilidade ambiental e social. Hoje, n\u00e3o existe minera\u00e7\u00e3o legal e respons\u00e1vel sem atender a essas normas\u201d, refor\u00e7ou.<\/p>\n\n\n\n<p>Para o coordenador da Companhia Mato-grossense de Minera\u00e7\u00e3o (Metamat) em Guarant\u00e3 do Norte, Humberto Paiva de Oliveira, Mato Grosso tem se destacado nacionalmente pela evolu\u00e7\u00e3o no setor mineral, com governan\u00e7a estadual fortalecida para atrair investimentos. A Metamat apoia pequenos mineradores e media conflitos entre garimpeiros e grandes mineradoras, consolidando o estado como um polo seguro para investidores.<\/p>\n\n\n\n<p>O resultado disso \u00e9 que, nos \u00faltimos dez anos, o valor da produ\u00e7\u00e3o mineral de Mato Grosso saltou de R$ 500 milh\u00f5es para R$ 7 bilh\u00f5es, um crescimento de 15 vezes. Paiva destacou que a pesquisa mineral contribui significativamente para o desenvolvimento de pequenas mineradoras, promovendo extra\u00e7\u00e3o com menor impacto ambiental e custos operacionais reduzidos. Ele tamb\u00e9m elogiou o uso do sistema de sat\u00e9lites Planet, gerido pela Secretaria de Estado de Meio Ambiente (Sema), que monitora opera\u00e7\u00f5es em tempo real, garantindo pr\u00e1ticas sustent\u00e1veis na minera\u00e7\u00e3o e no agroneg\u00f3cio.<\/p>\n\n\n\n<p>\u201cO estado \u00e9 refer\u00eancia em governan\u00e7a ambiental e oferece seguran\u00e7a jur\u00eddica para investidores que querem crescer de forma respons\u00e1vel e sustent\u00e1vel. Isso atrai investidores que buscam seguran\u00e7a para aportar recursos em projetos de minera\u00e7\u00e3o em Mato Grosso\u201d, comentou Paiva.<\/p>\n\n\n\n<p>Exemplo para o Brasil<\/p>\n\n\n\n<p>Com mais de 7 mil cooperados, a Cooperativa dos Garimpeiros do Vale do Rio Peixoto (Coogavepe) \u00e9 um exemplo de organiza\u00e7\u00e3o no setor de minera\u00e7\u00e3o de pequena escala em Mato Grosso, focada na regulariza\u00e7\u00e3o e sustentabilidade. Gilson Camboim, presidente da cooperativa, destaca que as atividades s\u00e3o totalmente legalizadas e que a Coogavepe tem o compromisso de atuar apenas em \u00e1reas autorizadas, respeitando as licen\u00e7as ambientais exigidas.<\/p>\n\n\n\n<p>Em Mato Grosso, a Permiss\u00e3o de Lavra Garimpeira (PLG) requer uma s\u00e9rie de licen\u00e7as, como a Licen\u00e7a Pr\u00e9via (LP), a Licen\u00e7a de Instala\u00e7\u00e3o (LI) e a Licen\u00e7a de Opera\u00e7\u00e3o (LO), que garantem que as cooperativas operem em conformidade com a legisla\u00e7\u00e3o.<\/p>\n\n\n\n<p>\u201cA atividade garimpeira com licen\u00e7a \u00e9 legal e traz benef\u00edcios econ\u00f4micos e sociais para as regi\u00f5es onde est\u00e1 presente. A cooperativa n\u00e3o s\u00f3 promove a legaliza\u00e7\u00e3o das atividades, mas tamb\u00e9m fiscaliza e recupera as \u00e1reas exploradas, destinando-as para projetos de agricultura, pecu\u00e1ria e reflorestamento. Al\u00e9m disso, a comercializa\u00e7\u00e3o do ouro \u00e9 feita exclusivamente por empresas autorizadas pelo Banco Central, com a reten\u00e7\u00e3o de impostos diretamente na fonte, o que refor\u00e7a nosso compromisso com a legalidade e a transpar\u00eancia\u201d, explicou Camboim.<\/p>\n\n\n\n<p>Ele tamb\u00e9m comentou que a minera\u00e7\u00e3o de pequena escala representa cerca de 80% da produ\u00e7\u00e3o mineral no Brasil. \u201cA minera\u00e7\u00e3o de pequena escala explora camadas superficiais, enquanto a minera\u00e7\u00e3o industrial explora camadas mais profundas, que exigem tecnologia avan\u00e7ada\u201d, explicou Camboim, enfatizando a import\u00e2ncia de cada segmento dentro de suas respectivas capacidades e o papel da minera\u00e7\u00e3o no desenvolvimento econ\u00f4mico e sustent\u00e1vel de Mato Grosso.<\/p>\n\n\n\n<p>Patrocinadores e apoiadores do evento<\/p>\n\n\n\n<p>A Expomin\u00e9rio 2024 conta com o patroc\u00ednio oficial do Governo de Mato Grosso, por meio da Secretaria de Estado de Desenvolvimento Econ\u00f4mico (Sedec) e da Companhia de Minera\u00e7\u00e3o de Mato Grosso (Metamat). Tamb\u00e9m tem patroc\u00ednio da Alpha Minerals e da Federa\u00e7\u00e3o das Cooperativas de Minera\u00e7\u00e3o de Mato Grosso (Fecomin), Azevedo Sette Advogados, Nexa, Keystone, Aura Apoena, Rio Caba\u00e7al Minera\u00e7\u00e3o, Ero Brasil Xavantina e Fomentas Mining Company.<\/p>\n\n\n\n<p>O evento conta com apoio institucional da Assembleia Legislativa de Mato Grosso (ALMT), Grupo de Trabalho da Minera\u00e7\u00e3o da ALMT, Frente Parlamentar da Minera\u00e7\u00e3o Sustent\u00e1vel (FPMin), Ag\u00eancia Nacional de Minera\u00e7\u00e3o (ANM), Instituto Brasileiro de Gemas &amp; Metais Preciosos (IBGM), Associa\u00e7\u00e3o dos Profissionais Ge\u00f3logos do Estado de Mato Grosso (Agemat), Federa\u00e7\u00e3o Brasileira dos Ge\u00f3logos (Febrageo), N\u00facleo de Minera\u00e7\u00e3o da USP (Nap.Minera\u00e7\u00e3o), C\u00e2mara de Com\u00e9rcio Brasil-Canad\u00e1, Universidade Federal de Mato Grosso (UFMT) e a Abrasel. Mais informa\u00e7\u00f5es pelo site www.expominerio.com.br<\/p>","protected":false},"excerpt":{"rendered":"<p>Mato Grosso aumentou em 15 vezes a produ\u00e7\u00e3o mineral nos \u00faltimos 10 anos e setor est\u00e1 em ascens\u00e3o no Estado Mostrar o potencial econ\u00f4mico da minera\u00e7\u00e3o, desmistificar percep\u00e7\u00f5es negativas e destacar pr\u00e1ticas sustent\u00e1veis do setor s\u00e3o alguns dos objetivos da 2\u00aa edi\u00e7\u00e3o da Expomin\u00e9rio, marcada para ocorrer de 7 a 9 de novembro de 2024, [&hellip;]<\/p>\n","protected":false},"author":1,"featured_media":625,"comment_status":"open","ping_status":"open","sticky":false,"template":"","format":"standard","meta":{"_coblocks_attr":"","_coblocks_dimensions":"","_coblocks_responsive_height":"","_coblocks_accordion_ie_support":"","footnotes":""},"categories":[],"tags":[],"class_list":["post-624","post","type-post","status-publish","format-standard","has-post-thumbnail","hentry"],"_links":{"self":[{"href":"https:\/\/expominerio.com.br\/en\/wp-json\/wp\/v2\/posts\/624","targetHints":{"allow":["GET"]}}],"collection":[{"href":"https:\/\/expominerio.com.br\/en\/wp-json\/wp\/v2\/posts"}],"about":[{"href":"https:\/\/expominerio.com.br\/en\/wp-json\/wp\/v2\/types\/post"}],"author":[{"embeddable":true,"href":"https:\/\/expominerio.com.br\/en\/wp-json\/wp\/v2\/users\/1"}],"replies":[{"embeddable":true,"href":"https:\/\/expominerio.com.br\/en\/wp-json\/wp\/v2\/comments?post=624"}],"version-history":[{"count":2,"href":"https:\/\/expominerio.com.br\/en\/wp-json\/wp\/v2\/posts\/624\/revisions"}],"predecessor-version":[{"id":627,"href":"https:\/\/expominerio.com.br\/en\/wp-json\/wp\/v2\/posts\/624\/revisions\/627"}],"wp:featuredmedia":[{"embeddable":true,"href":"https:\/\/expominerio.com.br\/en\/wp-json\/wp\/v2\/media\/625"}],"wp:attachment":[{"href":"https:\/\/expominerio.com.br\/en\/wp-json\/wp\/v2\/media?parent=624"}],"wp:term":[{"taxonomy":"category","embeddable":true,"href":"https:\/\/expominerio.com.br\/en\/wp-json\/wp\/v2\/categories?post=624"},{"taxonomy":"post_tag","embeddable":true,"href":"https:\/\/expominerio.com.br\/en\/wp-json\/wp\/v2\/tags?post=624"}],"curies":[{"name":"wp","href":"https:\/\/api.w.org\/{rel}","templated":true}]}}