{"id":1567,"date":"2025-11-28T15:31:01","date_gmt":"2025-11-28T15:31:01","guid":{"rendered":"https:\/\/expominerio.com.br\/?p=1567"},"modified":"2025-11-28T15:31:01","modified_gmt":"2025-11-28T15:31:01","slug":"debate-na-expominerio-expoe-caminhos-para-reduzir-conflitos-socioambientais-na-mineracao","status":"publish","type":"post","link":"https:\/\/expominerio.com.br\/en\/debate-na-expominerio-expoe-caminhos-para-reduzir-conflitos-socioambientais-na-mineracao\/","title":{"rendered":"Debate na Expomin\u00e9rio exp\u00f5e caminhos para reduzir conflitos socioambientais na minera\u00e7\u00e3o"},"content":{"rendered":"<p><em>Juristas e especialistas destacam que impacto n\u00e3o \u00e9 sin\u00f4nimo de dano e defendem di\u00e1logo, seguran\u00e7a jur\u00eddica e pr\u00e1ticas que conciliem desenvolvimento e preserva\u00e7\u00e3o<\/em><\/p>\n\n\n\n<p>O painel \u201cMinera\u00e7\u00e3o e Conflitos Socioambientais\u201d levou ao centro da Expomin\u00e9rio 2025 uma discuss\u00e3o essencial para o setor: como equilibrar atividade econ\u00f4mica, demandas ambientais e as expectativas de comunidades que convivem diretamente com a minera\u00e7\u00e3o. O encontro reuniu diferentes vis\u00f5es jur\u00eddicas e t\u00e9cnicas para destravar gargalos, esclarecer conceitos e propor pr\u00e1ticas que evitem conflitos antes que eles se tornem contenciosos.<\/p>\n\n\n\n<p>O advogado Terence Trennepohl, doutor e mestre em Direito, explicou que grande parte das tens\u00f5es nasce da confus\u00e3o entre impacto e dano. Para ele, a minera\u00e7\u00e3o precisa ser analisada sob uma \u00f3tica mais precisa e menos emocional, permitindo decis\u00f5es equilibradas.<\/p>\n\n\n\n<p>\u201cImpacto n\u00e3o \u00e9 dano. \u00c9 uma altera\u00e7\u00e3o que pode ser positiva ou negativa. O desafio \u00e9 sempre pesar os pr\u00f3s e contras, agir com transpar\u00eancia e construir pol\u00edticas p\u00fablicas e processos legais que deixem claro o que pode e o que n\u00e3o pode ser feito\u201d, afirmou.<\/p>\n\n\n\n<p>Ao lado de uma abordagem t\u00e9cnica, envolvendo legisla\u00e7\u00e3o, pol\u00edticas p\u00fablicas e exig\u00eancias do mercado global, Trennepohl apresentou tamb\u00e9m pr\u00e1ticas preventivas que podem reduzir riscos para empresas e comunidades. Ele defendeu que um relacionamento honesto com autoridades e fiscaliza\u00e7\u00e3o \u00e9 o alicerce para evitar retalia\u00e7\u00f5es econ\u00f4micas e inseguran\u00e7a jur\u00eddica.<\/p>\n\n\n\n<p>Moderador do painel, o advogado Bruno Alegria, da Ferreira Alegria Advogados, destacou que conflitos ambientais mal conduzidos acabam travando projetos e gerando preju\u00edzos tanto para o setor quanto para as localidades que dependem da atividade mineral.<\/p>\n\n\n\n<p>\u201cO objetivo \u00e9 mostrar como esses conflitos surgem, como podem ser mitigados e de que forma a minera\u00e7\u00e3o pode gerar ganho ambiental quando segue regras e padr\u00f5es adequados. Minera\u00e7\u00e3o sem impacto n\u00e3o existe, mas impacto n\u00e3o \u00e9 sin\u00f4nimo de destrui\u00e7\u00e3o\u201d, explicou.<\/p>\n\n\n\n<p>Alegria refor\u00e7ou que exemplos positivos j\u00e1 existem em Mato Grosso, com \u00e1reas mineradas recuperadas e devolvidas em condi\u00e7\u00f5es melhores do que as originais, o que evidencia a import\u00e2ncia de planejamento, monitoramento e responsabilidade socioambiental.<\/p>\n\n\n\n<p>Tamb\u00e9m integraram o debate Larissa Rodrigues, diretora de pesquisa do Instituto Escolhas, e a professora Ana Carolina, doutora do Departamento de Engenharia de Minas da Universidade de S\u00e3o Paulo (USP).<\/p>\n\n\n\n<p><\/p>\n\n\n\n<p><em>BS COMUNICA\u00c7\u00c3O\/ASSESSORIA DE IMPRESA EXPOMIN\u00c9RIO<\/em><\/p>","protected":false},"excerpt":{"rendered":"<p>Juristas e especialistas destacam que impacto n\u00e3o \u00e9 sin\u00f4nimo de dano e defendem di\u00e1logo, seguran\u00e7a jur\u00eddica e pr\u00e1ticas que conciliem desenvolvimento e preserva\u00e7\u00e3o O painel \u201cMinera\u00e7\u00e3o e Conflitos Socioambientais\u201d levou ao centro da Expomin\u00e9rio 2025 uma discuss\u00e3o essencial para o setor: como equilibrar atividade econ\u00f4mica, demandas ambientais e as expectativas de comunidades que convivem diretamente [&hellip;]<\/p>\n","protected":false},"author":3,"featured_media":1568,"comment_status":"open","ping_status":"open","sticky":false,"template":"","format":"standard","meta":{"_coblocks_attr":"","_coblocks_dimensions":"","_coblocks_responsive_height":"","_coblocks_accordion_ie_support":"","footnotes":""},"categories":[],"tags":[],"class_list":["post-1567","post","type-post","status-publish","format-standard","has-post-thumbnail","hentry"],"_links":{"self":[{"href":"https:\/\/expominerio.com.br\/en\/wp-json\/wp\/v2\/posts\/1567","targetHints":{"allow":["GET"]}}],"collection":[{"href":"https:\/\/expominerio.com.br\/en\/wp-json\/wp\/v2\/posts"}],"about":[{"href":"https:\/\/expominerio.com.br\/en\/wp-json\/wp\/v2\/types\/post"}],"author":[{"embeddable":true,"href":"https:\/\/expominerio.com.br\/en\/wp-json\/wp\/v2\/users\/3"}],"replies":[{"embeddable":true,"href":"https:\/\/expominerio.com.br\/en\/wp-json\/wp\/v2\/comments?post=1567"}],"version-history":[{"count":1,"href":"https:\/\/expominerio.com.br\/en\/wp-json\/wp\/v2\/posts\/1567\/revisions"}],"predecessor-version":[{"id":1569,"href":"https:\/\/expominerio.com.br\/en\/wp-json\/wp\/v2\/posts\/1567\/revisions\/1569"}],"wp:featuredmedia":[{"embeddable":true,"href":"https:\/\/expominerio.com.br\/en\/wp-json\/wp\/v2\/media\/1568"}],"wp:attachment":[{"href":"https:\/\/expominerio.com.br\/en\/wp-json\/wp\/v2\/media?parent=1567"}],"wp:term":[{"taxonomy":"category","embeddable":true,"href":"https:\/\/expominerio.com.br\/en\/wp-json\/wp\/v2\/categories?post=1567"},{"taxonomy":"post_tag","embeddable":true,"href":"https:\/\/expominerio.com.br\/en\/wp-json\/wp\/v2\/tags?post=1567"}],"curies":[{"name":"wp","href":"https:\/\/api.w.org\/{rel}","templated":true}]}}