{"id":1555,"date":"2025-11-27T18:06:40","date_gmt":"2025-11-27T18:06:40","guid":{"rendered":"https:\/\/expominerio.com.br\/?p=1555"},"modified":"2025-11-27T18:06:40","modified_gmt":"2025-11-27T18:06:40","slug":"expominerio-dedica-programacao-para-desmistificar-a-mineracao-sem-mercurio","status":"publish","type":"post","link":"https:\/\/expominerio.com.br\/en\/expominerio-dedica-programacao-para-desmistificar-a-mineracao-sem-mercurio\/","title":{"rendered":"Expomin\u00e9rio dedica programa\u00e7\u00e3o para desmistificar a minera\u00e7\u00e3o sem merc\u00fario"},"content":{"rendered":"<p><em>Evento re\u00fane pesquisadores, mineradores e empresas para mostrar que tecnologias limpas j\u00e1 funcionam e podem substituir o merc\u00fario de forma eficiente<\/em><\/p>\n\n\n\n<p>A Expomin\u00e9rio 2025 iniciou nesta quinta-feira (27.11) uma das discuss\u00f5es mais sens\u00edveis e estrat\u00e9gicas da minera\u00e7\u00e3o brasileira: a substitui\u00e7\u00e3o definitiva do merc\u00fario nos garimpos. A programa\u00e7\u00e3o especial \u201cMerc\u00fario: Olhando Juntos para o Futuro\u201d foi estruturada para derrubar mitos, apresentar tecnologias j\u00e1 dispon\u00edveis no mercado e aproximar mineradores que est\u00e3o em fases diferentes da transi\u00e7\u00e3o para m\u00e9todos mais limpos.<\/p>\n\n\n\n<p>A diretora de pesquisa do Instituto Escolhas, Larissa Rodrigues, destacou que o tema permanece cercado de d\u00favidas, receios e desinforma\u00e7\u00e3o, mesmo com a exist\u00eancia de equipamentos e processos capazes de eliminar o uso do merc\u00fario sem perda de produtividade. Ela explica que muitos garimpos ainda veem a mudan\u00e7a como algo complexo, caro ou invi\u00e1vel, quando na pr\u00e1tica as experi\u00eancias no Brasil, especialmente em Mato Grosso, mostram o contr\u00e1rio.<\/p>\n\n\n\n<p>\u201cA gente vai ter oportunidade de mostrar que existem alternativas funcionando, com resultado real. \u00c9 importante tirar o assunto da pol\u00eamica e discutir com franqueza o que j\u00e1 deu certo e como avan\u00e7ar\u201d, afirmou.<\/p>\n\n\n\n<p>O evento tamb\u00e9m vai promover a aproxima\u00e7\u00e3o entre garimpeiros que ainda dependem do merc\u00fario e operadores que j\u00e1 migraram para modelos limpos. A proposta \u00e9 mostrar como se deu a transi\u00e7\u00e3o, quais tecnologias foram adotadas, quais obst\u00e1culos surgiram e como cada opera\u00e7\u00e3o conseguiu se adaptar, criando um ambiente de troca que permite enxergar a mudan\u00e7a como um processo poss\u00edvel. Segundo Larissa, trazer essas experi\u00eancias para o centro do debate ajuda a romper preconceitos e impulsionar solu\u00e7\u00f5es mais modernas.<\/p>\n\n\n\n<p>\u201cN\u00e3o \u00e9 s\u00f3 falar de pol\u00edtica ou regula\u00e7\u00e3o. \u00c9 mostrar o mundo real, ouvir quem j\u00e1 fez e apresentar alternativas concretas para quem quer dar o pr\u00f3ximo passo\u201d, disse.<\/p>\n\n\n\n<p>Um dos pontos que refor\u00e7am essa mudan\u00e7a vem dos dados levantados pelo Certimine, empresa que audita opera\u00e7\u00f5es de ouro no Brasil. O diretor executivo, Eduardo Gama, acompanha desde 2022 a ado\u00e7\u00e3o de m\u00e9todos sem merc\u00fario em diferentes estados e afirma que Mato Grosso avan\u00e7ou mais r\u00e1pido do que outras regi\u00f5es. Para ele, a resist\u00eancia n\u00e3o est\u00e1 ligada \u00e0 rejei\u00e7\u00e3o ao tema, mas \u00e0 dificuldade de acesso a tecnologia, financiamento e informa\u00e7\u00e3o.<\/p>\n\n\n\n<p>\u201cNo Par\u00e1, a ades\u00e3o praticamente n\u00e3o ocorreu. J\u00e1 em Mato Grosso, a mudan\u00e7a foi natural. O que falta n\u00e3o \u00e9 vontade: \u00e9 estrutura para que os mineradores tenham condi\u00e7\u00f5es reais de fazer a transi\u00e7\u00e3o\u201d, explicou.<\/p>\n\n\n\n<p>Eduardo ressaltou que abandonar o merc\u00fario n\u00e3o significa apenas trocar um insumo por outro, mas modernizar toda a cadeia de beneficiamento. Ele lembra que os m\u00e9todos gravim\u00e9tricos, apesar de muito usados, t\u00eam limita\u00e7\u00f5es, e que o estado precisa avan\u00e7ar para tecnologias mais robustas se quiser liderar essa pauta.<\/p>\n\n\n\n<p>\u201cEstamos trazendo empresas internacionais com m\u00e9todos eficientes e consolidados. N\u00e3o basta substituir: \u00e9 preciso garantir maior recupera\u00e7\u00e3o de ouro e evitar a gera\u00e7\u00e3o de novos passivos\u201d, observou.<\/p>\n\n\n\n<p>Ao abrir espa\u00e7o para conversas diretas entre quem produz e quem desenvolve tecnologia, a Expomin\u00e9rio consolida sua imagem como f\u00f3rum capaz de qualificar o debate e direcionar o setor para pr\u00e1ticas mais seguras, eficientes e ambientalmente respons\u00e1veis.<\/p>\n\n\n\n<p>A feira segue at\u00e9 sexta-feira (28.11) com outras atividades voltadas para moderniza\u00e7\u00e3o da minera\u00e7\u00e3o e fortalecimento de pr\u00e1ticas sustent\u00e1veis no pa\u00eds.<\/p>\n\n\n\n<p><\/p>\n\n\n\n<p><em>BS COMUNICA\u00c7\u00c3O\/ASSESSORIA DE IMPRESA EXPOMIN\u00c9RIO<\/em><\/p>","protected":false},"excerpt":{"rendered":"<p>Evento re\u00fane pesquisadores, mineradores e empresas para mostrar que tecnologias limpas j\u00e1 funcionam e podem substituir o merc\u00fario de forma eficiente A Expomin\u00e9rio 2025 iniciou nesta quinta-feira (27.11) uma das discuss\u00f5es mais sens\u00edveis e estrat\u00e9gicas da minera\u00e7\u00e3o brasileira: a substitui\u00e7\u00e3o definitiva do merc\u00fario nos garimpos. A programa\u00e7\u00e3o especial \u201cMerc\u00fario: Olhando Juntos para o Futuro\u201d foi [&hellip;]<\/p>\n","protected":false},"author":3,"featured_media":1556,"comment_status":"open","ping_status":"open","sticky":false,"template":"","format":"standard","meta":{"_coblocks_attr":"","_coblocks_dimensions":"","_coblocks_responsive_height":"","_coblocks_accordion_ie_support":"","footnotes":""},"categories":[],"tags":[],"class_list":["post-1555","post","type-post","status-publish","format-standard","has-post-thumbnail","hentry"],"_links":{"self":[{"href":"https:\/\/expominerio.com.br\/en\/wp-json\/wp\/v2\/posts\/1555","targetHints":{"allow":["GET"]}}],"collection":[{"href":"https:\/\/expominerio.com.br\/en\/wp-json\/wp\/v2\/posts"}],"about":[{"href":"https:\/\/expominerio.com.br\/en\/wp-json\/wp\/v2\/types\/post"}],"author":[{"embeddable":true,"href":"https:\/\/expominerio.com.br\/en\/wp-json\/wp\/v2\/users\/3"}],"replies":[{"embeddable":true,"href":"https:\/\/expominerio.com.br\/en\/wp-json\/wp\/v2\/comments?post=1555"}],"version-history":[{"count":1,"href":"https:\/\/expominerio.com.br\/en\/wp-json\/wp\/v2\/posts\/1555\/revisions"}],"predecessor-version":[{"id":1557,"href":"https:\/\/expominerio.com.br\/en\/wp-json\/wp\/v2\/posts\/1555\/revisions\/1557"}],"wp:featuredmedia":[{"embeddable":true,"href":"https:\/\/expominerio.com.br\/en\/wp-json\/wp\/v2\/media\/1556"}],"wp:attachment":[{"href":"https:\/\/expominerio.com.br\/en\/wp-json\/wp\/v2\/media?parent=1555"}],"wp:term":[{"taxonomy":"category","embeddable":true,"href":"https:\/\/expominerio.com.br\/en\/wp-json\/wp\/v2\/categories?post=1555"},{"taxonomy":"post_tag","embeddable":true,"href":"https:\/\/expominerio.com.br\/en\/wp-json\/wp\/v2\/tags?post=1555"}],"curies":[{"name":"wp","href":"https:\/\/api.w.org\/{rel}","templated":true}]}}