{"id":1552,"date":"2025-11-27T18:03:48","date_gmt":"2025-11-27T18:03:48","guid":{"rendered":"https:\/\/expominerio.com.br\/?p=1552"},"modified":"2025-11-27T18:03:48","modified_gmt":"2025-11-27T18:03:48","slug":"talk-show-da-weg-reune-solucoes-para-reduzir-custos-de-energia-e-impulsionar-mineracao-de-ouro-e-calcario","status":"publish","type":"post","link":"https:\/\/expominerio.com.br\/en\/talk-show-da-weg-reune-solucoes-para-reduzir-custos-de-energia-e-impulsionar-mineracao-de-ouro-e-calcario\/","title":{"rendered":"Talk Show da WEG re\u00fane solu\u00e7\u00f5es para reduzir custos de energia e impulsionar minera\u00e7\u00e3o de ouro e calc\u00e1rio"},"content":{"rendered":"<p><em>Tecnologias de armazenamento, energia solar e sistemas h\u00edbridos foram apresentadas como alternativas para tornar opera\u00e7\u00f5es mais est\u00e1veis, baratas e sustent\u00e1veis<\/em><\/p>\n\n\n\n<p>A combina\u00e7\u00e3o entre minera\u00e7\u00e3o e energia foi ao centro das discuss\u00f5es no talk show promovido pela WEG nesta quarta-feira (26.11), durante a Expomin\u00e9rio 2025. O encontro reuniu especialistas para apresentar solu\u00e7\u00f5es tecnol\u00f3gicas voltadas \u00e0 redu\u00e7\u00e3o de custos operacionais, \u00e0 transi\u00e7\u00e3o energ\u00e9tica e ao aumento da efici\u00eancia em mineradoras, sobretudo as que atuam com ouro e calc\u00e1rio, segmentos que enfrentam alto consumo el\u00e9trico e opera\u00e7\u00f5es frequentemente em \u00e1reas isoladas.<\/p>\n\n\n\n<p>Participaram do painel Alexandre Sperafico, CEO da Enerzee; Etiara Sperafico, CEO da Enerzee; e Stevan Gomes e Robson dos Santos, representantes da WEG.<\/p>\n\n\n\n<p>Alexandre Sperafico apresentou solu\u00e7\u00f5es integradas de energia solar e armazenamento em baterias, destacando como essas tecnologias j\u00e1 transformam a realidade de opera\u00e7\u00f5es remotas, como s\u00e3o os casos das mineradoras.<\/p>\n\n\n\n<p>\u201cMostramos solu\u00e7\u00f5es pr\u00e1ticas para redu\u00e7\u00e3o de custos e melhoria da qualidade de energia. Muitos equipamentos param por queda ou oscila\u00e7\u00e3o na rede, e s\u00f3 isso j\u00e1 gera horas de produ\u00e7\u00e3o perdida. Com sistemas h\u00edbridos, isso deixa de ser problema\u201d, explicou.<\/p>\n\n\n\n<p>Um dos destaques do talk show foi o BES \u2014 banco de baterias de \u00faltima gera\u00e7\u00e3o fornecido pela WEG, capaz de operar por at\u00e9 20 anos e suprir grandes cargas.<\/p>\n\n\n\n<p>\u201cO BES mant\u00e9m a planta funcionando mesmo quando a rede cai. Em locais sem acesso \u00e0 energia, ele substitui diesel, que al\u00e9m de caro depende de log\u00edstica complicada. O produtor pode gerar energia solar no local, armazenar nas baterias e usar o diesel apenas como \u00faltimo recurso\u201d, detalhou Sperafico.<\/p>\n\n\n\n<p>Para o setor de ouro, que frequentemente opera em \u00e1reas remotas, a combina\u00e7\u00e3o entre pain\u00e9is solares e armazenamento pode reduzir drasticamente o custo energ\u00e9tico.<\/p>\n\n\n\n<p>\u201cTemos casos reais em plantas isoladas que j\u00e1 est\u00e3o migrando para essa solu\u00e7\u00e3o. \u00c9 economia direta e previsibilidade para a opera\u00e7\u00e3o\u201d, refor\u00e7ou o executivo.<\/p>\n\n\n\n<p>O chefe de vendas de sistemas de armazenamento da WEG, Robson dos Santos, destacou que a parceria com a Enerzee potencializa a entrega das tecnologias ao setor mineral.<\/p>\n\n\n\n<p>\u201cA minera\u00e7\u00e3o exige cargas altas, estabilidade e autonomia. A WEG traz solu\u00e7\u00f5es em fotovoltaico, motores e armazenamento para descarbonizar, reduzir o uso de diesel e otimizar custos. A minera\u00e7\u00e3o \u00e9 um mercado de grande demanda e com desafios claros. Estar aqui nos conecta com quem realmente precisa de solu\u00e7\u00f5es tecnol\u00f3gicas. O que importa no final \u00e9 entregar payback atrativo, e \u00e9 isso que estamos mostrando\u201d.<\/p>\n\n\n\n<p><\/p>\n\n\n\n<p><em>BS COMUNICA\u00c7\u00c3O\/ASSESSORIA DE IMPRESA EXPOMIN\u00c9RIO<\/em><\/p>","protected":false},"excerpt":{"rendered":"<p>Tecnologias de armazenamento, energia solar e sistemas h\u00edbridos foram apresentadas como alternativas para tornar opera\u00e7\u00f5es mais est\u00e1veis, baratas e sustent\u00e1veis A combina\u00e7\u00e3o entre minera\u00e7\u00e3o e energia foi ao centro das discuss\u00f5es no talk show promovido pela WEG nesta quarta-feira (26.11), durante a Expomin\u00e9rio 2025. O encontro reuniu especialistas para apresentar solu\u00e7\u00f5es tecnol\u00f3gicas voltadas \u00e0 redu\u00e7\u00e3o [&hellip;]<\/p>\n","protected":false},"author":3,"featured_media":1553,"comment_status":"open","ping_status":"open","sticky":false,"template":"","format":"standard","meta":{"_coblocks_attr":"","_coblocks_dimensions":"","_coblocks_responsive_height":"","_coblocks_accordion_ie_support":"","footnotes":""},"categories":[],"tags":[],"class_list":["post-1552","post","type-post","status-publish","format-standard","has-post-thumbnail","hentry"],"_links":{"self":[{"href":"https:\/\/expominerio.com.br\/en\/wp-json\/wp\/v2\/posts\/1552","targetHints":{"allow":["GET"]}}],"collection":[{"href":"https:\/\/expominerio.com.br\/en\/wp-json\/wp\/v2\/posts"}],"about":[{"href":"https:\/\/expominerio.com.br\/en\/wp-json\/wp\/v2\/types\/post"}],"author":[{"embeddable":true,"href":"https:\/\/expominerio.com.br\/en\/wp-json\/wp\/v2\/users\/3"}],"replies":[{"embeddable":true,"href":"https:\/\/expominerio.com.br\/en\/wp-json\/wp\/v2\/comments?post=1552"}],"version-history":[{"count":1,"href":"https:\/\/expominerio.com.br\/en\/wp-json\/wp\/v2\/posts\/1552\/revisions"}],"predecessor-version":[{"id":1554,"href":"https:\/\/expominerio.com.br\/en\/wp-json\/wp\/v2\/posts\/1552\/revisions\/1554"}],"wp:featuredmedia":[{"embeddable":true,"href":"https:\/\/expominerio.com.br\/en\/wp-json\/wp\/v2\/media\/1553"}],"wp:attachment":[{"href":"https:\/\/expominerio.com.br\/en\/wp-json\/wp\/v2\/media?parent=1552"}],"wp:term":[{"taxonomy":"category","embeddable":true,"href":"https:\/\/expominerio.com.br\/en\/wp-json\/wp\/v2\/categories?post=1552"},{"taxonomy":"post_tag","embeddable":true,"href":"https:\/\/expominerio.com.br\/en\/wp-json\/wp\/v2\/tags?post=1552"}],"curies":[{"name":"wp","href":"https:\/\/api.w.org\/{rel}","templated":true}]}}