{"id":1548,"date":"2025-11-27T18:00:53","date_gmt":"2025-11-27T18:00:53","guid":{"rendered":"https:\/\/expominerio.com.br\/?p=1548"},"modified":"2025-11-27T18:00:53","modified_gmt":"2025-11-27T18:00:53","slug":"tributacao-na-mineracao-expoe-inseguranca-juridica-e-impacto-direto-no-bolso-do-consumidor","status":"publish","type":"post","link":"https:\/\/expominerio.com.br\/en\/tributacao-na-mineracao-expoe-inseguranca-juridica-e-impacto-direto-no-bolso-do-consumidor\/","title":{"rendered":"Tributa\u00e7\u00e3o na minera\u00e7\u00e3o exp\u00f5e inseguran\u00e7a jur\u00eddica e impacto direto no bolso do consumidor"},"content":{"rendered":"<p><em>Painel debate taxas estaduais, CFEM, reforma tribut\u00e1ria e press\u00e3o sobre munic\u00edpios<\/em><\/p>\n\n\n\n<p>Os desafios tribut\u00e1rios do setor mineral dominaram as discuss\u00f5es do painel realizado nesta quarta-feira (26.11) na Expomin\u00e9rio 2025. Advogados especialistas em direito tribut\u00e1rio analisaram o impacto das taxas estaduais, da Compensa\u00e7\u00e3o Financeira pela Explora\u00e7\u00e3o Mineral (CEFM), das mudan\u00e7as introduzidas pela reforma tribut\u00e1ria e da crescente press\u00e3o dos munic\u00edpios por novas receitas vinculadas \u00e0 minera\u00e7\u00e3o. Participaram do debate a advogada tributarista Daniele Fukui, o professor e advogado Paulo Hon\u00f3rio e o especialista Caio Bartine, sob modera\u00e7\u00e3o da advogada Bianca Mota.<\/p>\n\n\n\n<p>Daniele Fukui abriu o painel destacando que entender o peso dos tributos na minera\u00e7\u00e3o \u00e9 essencial n\u00e3o apenas para empresas, mas para toda a popula\u00e7\u00e3o.<\/p>\n\n\n\n<p>\u201cTributa\u00e7\u00e3o mais alta na minera\u00e7\u00e3o significa custo maior na opera\u00e7\u00e3o e, muitas vezes, lucro mais apertado para o minerador. Mas o impacto n\u00e3o fica s\u00f3 no setor. Se o calc\u00e1rio fica mais caro por causa dos impostos, isso afeta o solo, a produtividade agr\u00edcola e, no final, o pre\u00e7o dos alimentos na g\u00f4ndola do supermercado. Todos s\u00e3o atingidos.\u201d<\/p>\n\n\n\n<p>A advogada tamb\u00e9m chamou aten\u00e7\u00e3o para a inseguran\u00e7a jur\u00eddica em Mato Grosso envolvendo a taxa estadual de fiscaliza\u00e7\u00e3o ambiental.<\/p>\n\n\n\n<p>\u201cA lei que instituiu a taxa foi declarada inconstitucional. A nova lei tamb\u00e9m est\u00e1 sendo questionada no STF. H\u00e1 decis\u00f5es judiciais afastando a cobran\u00e7a e reconhecendo o direito de restitui\u00e7\u00e3o em alguns casos\u201d, explicou. Segundo ela, essa instabilidade cria distor\u00e7\u00f5es competitivas entre mineradores que discutem a taxa judicialmente e os que n\u00e3o ingressam com a\u00e7\u00f5es.<\/p>\n\n\n\n<p>Daniele defendeu que eventos como a Expomin\u00e9rio ajudam a levar informa\u00e7\u00e3o n\u00e3o s\u00f3 a especialistas, mas tamb\u00e9m \u00e0 popula\u00e7\u00e3o que desconhece a influ\u00eancia da minera\u00e7\u00e3o sobre a economia cotidiana.<\/p>\n\n\n\n<p>\u201cFalar de tributa\u00e7\u00e3o \u00e9 falar do dia a dia. \u00c9 falar de custo de produ\u00e7\u00e3o, de contrato, de opera\u00e7\u00e3o e de impacto social. Informa\u00e7\u00e3o transforma o setor e tamb\u00e9m a percep\u00e7\u00e3o do cidad\u00e3o.\u201d<\/p>\n\n\n\n<p>O advogado Paulo Hon\u00f3rio, s\u00f3cio da William Freire Advogados, aprofundou a an\u00e1lise ao explicar como a reforma tribut\u00e1ria alterou a din\u00e2mica federativa e reacendeu press\u00f5es por aumento de royalties e taxas.<\/p>\n\n\n\n<p>\u201cA reforma tira parte dos recursos da origem e redistribui para o destino das opera\u00e7\u00f5es. Munic\u00edpios mineradores alegam que podem perder at\u00e9 20% da receita e j\u00e1 pressionam o Congresso para aumentar a CFEM\u201d, relatou. Segundo ele, esse movimento gerou uma corrida por novas fontes de arrecada\u00e7\u00e3o na \u00e1rea mineral. \u201cAssim que a reforma avan\u00e7ou, come\u00e7ou-se a discutir no Congresso o aumento dos royalties. \u00c9 uma consequ\u00eancia direta e cria tens\u00f5es entre munic\u00edpios, estados, Uni\u00e3o e mineradores.\u201d<\/p>\n\n\n\n<p>De forma did\u00e1tica, Paulo explicou que a minera\u00e7\u00e3o \u00e9 hoje uma atividade que exige intensa negocia\u00e7\u00e3o institucional.<\/p>\n\n\n\n<p>\u201cA empresa de minera\u00e7\u00e3o negocia com munic\u00edpio, comunidade, Estado, Uni\u00e3o. Todos querem uma fatia maior do projeto. Se a cobran\u00e7a ultrapassa o limite, o minerador deixa de investir. E a popula\u00e7\u00e3o tamb\u00e9m cobra retorno, porque o setor tem impacto. S\u00f3 que tudo precisa ser feito com clareza, dados e transpar\u00eancia. \u00c9 um tema pol\u00eamico, complexo e que mexe com a vida de todos. Precisamos mostrar para onde vai o dinheiro, como chega \u00e0 ponta e como equilibrar arrecada\u00e7\u00e3o e competitividade\u201d.<\/p>\n\n\n\n<p><\/p>\n\n\n\n<p><em>BS COMUNICA\u00c7\u00c3O\/ASSESSORIA DE IMPRESA EXPOMIN\u00c9RIO<\/em><\/p>","protected":false},"excerpt":{"rendered":"<p>Painel debate taxas estaduais, CFEM, reforma tribut\u00e1ria e press\u00e3o sobre munic\u00edpios Os desafios tribut\u00e1rios do setor mineral dominaram as discuss\u00f5es do painel realizado nesta quarta-feira (26.11) na Expomin\u00e9rio 2025. Advogados especialistas em direito tribut\u00e1rio analisaram o impacto das taxas estaduais, da Compensa\u00e7\u00e3o Financeira pela Explora\u00e7\u00e3o Mineral (CEFM), das mudan\u00e7as introduzidas pela reforma tribut\u00e1ria e da [&hellip;]<\/p>\n","protected":false},"author":3,"featured_media":1549,"comment_status":"open","ping_status":"open","sticky":false,"template":"","format":"standard","meta":{"_coblocks_attr":"","_coblocks_dimensions":"","_coblocks_responsive_height":"","_coblocks_accordion_ie_support":"","footnotes":""},"categories":[],"tags":[],"class_list":["post-1548","post","type-post","status-publish","format-standard","has-post-thumbnail","hentry"],"_links":{"self":[{"href":"https:\/\/expominerio.com.br\/en\/wp-json\/wp\/v2\/posts\/1548","targetHints":{"allow":["GET"]}}],"collection":[{"href":"https:\/\/expominerio.com.br\/en\/wp-json\/wp\/v2\/posts"}],"about":[{"href":"https:\/\/expominerio.com.br\/en\/wp-json\/wp\/v2\/types\/post"}],"author":[{"embeddable":true,"href":"https:\/\/expominerio.com.br\/en\/wp-json\/wp\/v2\/users\/3"}],"replies":[{"embeddable":true,"href":"https:\/\/expominerio.com.br\/en\/wp-json\/wp\/v2\/comments?post=1548"}],"version-history":[{"count":1,"href":"https:\/\/expominerio.com.br\/en\/wp-json\/wp\/v2\/posts\/1548\/revisions"}],"predecessor-version":[{"id":1550,"href":"https:\/\/expominerio.com.br\/en\/wp-json\/wp\/v2\/posts\/1548\/revisions\/1550"}],"wp:featuredmedia":[{"embeddable":true,"href":"https:\/\/expominerio.com.br\/en\/wp-json\/wp\/v2\/media\/1549"}],"wp:attachment":[{"href":"https:\/\/expominerio.com.br\/en\/wp-json\/wp\/v2\/media?parent=1548"}],"wp:term":[{"taxonomy":"category","embeddable":true,"href":"https:\/\/expominerio.com.br\/en\/wp-json\/wp\/v2\/categories?post=1548"},{"taxonomy":"post_tag","embeddable":true,"href":"https:\/\/expominerio.com.br\/en\/wp-json\/wp\/v2\/tags?post=1548"}],"curies":[{"name":"wp","href":"https:\/\/api.w.org\/{rel}","templated":true}]}}