{"id":1545,"date":"2025-11-27T17:38:04","date_gmt":"2025-11-27T17:38:04","guid":{"rendered":"https:\/\/expominerio.com.br\/?p=1545"},"modified":"2025-11-27T17:38:04","modified_gmt":"2025-11-27T17:38:04","slug":"desafios-e-tendencias-da-mineracao-pautam-debate-tecnico-na-expominerio-2025","status":"publish","type":"post","link":"https:\/\/expominerio.com.br\/en\/desafios-e-tendencias-da-mineracao-pautam-debate-tecnico-na-expominerio-2025\/","title":{"rendered":"Desafios e tend\u00eancias da minera\u00e7\u00e3o pautam debate t\u00e9cnico na Expomin\u00e9rio 2025"},"content":{"rendered":"<p><em>Painel re\u00fane especialistas para discutir competitividade, atra\u00e7\u00e3o de investimentos, padr\u00f5es internacionais e experi\u00eancias globais como a do Quebec, no Canad\u00e1<\/em><\/p>\n\n\n\n<p>O painel \u201cDesafios e Tend\u00eancias da Minera\u00e7\u00e3o\u201d, realizado nesta quarta-feira (26.11) na Expomin\u00e9rio 2025, reuniu especialistas do Brasil e do exterior para discutir os caminhos que podem determinar o futuro do setor, especialmente em um cen\u00e1rio de alta demanda por minerais cr\u00edticos, press\u00e3o por transpar\u00eancia e necessidade de competitividade internacional. A mesa contou com a participa\u00e7\u00e3o de Glaucia Cuchierato, diretora-executiva da Geoansata, Rafael Brant, cofundador do Jazida, Roberto Xavier, diretor executivo da ADIMB, e do assessor econ\u00f4mico da representa\u00e7\u00e3o do Governo de Quebec, no Canad\u00e1, Jo\u00e3o Mariano Colet.<\/p>\n\n\n\n<p>Abrindo o debate, Glaucia destacou que o painel buscou conectar tr\u00eas eixos centrais: a vis\u00e3o global sobre tend\u00eancias da minera\u00e7\u00e3o, a titularidade mineral no Brasil, com foco especial no Centro-Oeste, e a necessidade de qualifica\u00e7\u00e3o de dados geol\u00f3gicos para atrair capital e reduzir riscos.<\/p>\n\n\n\n<p>\u201cO nosso objetivo foi mostrar como o Brasil pode se tornar mais atrativo para investimentos nacionais e internacionais. Sem informa\u00e7\u00e3o geol\u00f3gica de qualidade, tudo o que se faz agrega risco aos projetos\u201d, afirmou.<\/p>\n\n\n\n<p>Ela explicou que grande parte das permiss\u00f5es de lavra garimpeira, especialmente no entorno da Baixada Cuiabana, ainda opera sem previsibilidade e sem pesquisa mineral adequada, o que afasta investidores e impede que pequenos produtores avancem em industrializa\u00e7\u00e3o.<\/p>\n\n\n\n<p>\u201cQuando o minerador pesquisa, conhece o corpo de min\u00e9rio e mostra transpar\u00eancia, o investidor se interessa. Mas sem dados, sem padr\u00e3o e sem rastreabilidade, perde-se competitividade. Precisamos educar o mercado e a sociedade sobre a import\u00e2ncia disso\u201d, defendeu.<\/p>\n\n\n\n<p>Para Glaucia, o Brasil s\u00f3 aproveitar\u00e1 a \u201conda dos minerais cr\u00edticos\u201d se estiver preparado. \u201cUm projeto mineral leva em m\u00e9dia 20 anos entre a descoberta e a produ\u00e7\u00e3o. Ou nos organizamos agora, ou vamos perder a pr\u00f3xima janela de oportunidade.\u201d<\/p>\n\n\n\n<p>O assessor para assuntos econ\u00f4micos do Governo de Quebec, Jo\u00e3o Mariano Colet, trouxe ao debate a experi\u00eancia da prov\u00edncia canadense, l\u00edder nacional em produ\u00e7\u00e3o mineral e refer\u00eancia global em governan\u00e7a e industrializa\u00e7\u00e3o. Segundo ele, o Quebec enfrenta desafios semelhantes aos brasileiros, como agregar valor ao min\u00e9rio, inserir-se nas cadeias globais e atrair m\u00e3o de obra para regi\u00f5es remotas, temas que podem inspirar o Brasil.<\/p>\n\n\n\n<p>\u201cUm quinto de toda a produ\u00e7\u00e3o mineral do Canad\u00e1 vem do Quebec. Somos grandes produtores de ni\u00f3bio e ferro e vivemos realidades parecidas com as \u00e1reas remotas brasileiras. O objetivo n\u00e3o \u00e9 ensinar, mas trocar experi\u00eancias e tecnologias que deram certo\u201d, explicou.<\/p>\n\n\n\n<p>Colet destacou ainda que o di\u00e1logo com popula\u00e7\u00f5es tradicionais e o compromisso ambiental t\u00eam guiado a evolu\u00e7\u00e3o do setor canadense. E refor\u00e7ou que a Expomin\u00e9rio tem proporcionado um ambiente raro de troca entre regi\u00f5es que pouco dialogam.<\/p>\n\n\n\n<p>\u201c\u00c0s vezes, quem vive no Sudeste n\u00e3o percebe a for\u00e7a mineral do Mato Grosso. Chegar aqui e ver uma feira t\u00e3o organizada, com tanta tecnologia e debates profundos, mostra a relev\u00e2ncia do estado. \u00c9 uma edi\u00e7\u00e3o jovem, mas com profissionalismo de um evento de 50 anos\u201d, observou.<\/p>\n\n\n\n<p>O painel tamb\u00e9m contou com participa\u00e7\u00f5es de Rafael Brant, que detalhou quest\u00f5es de titularidade mineral e gargalos regulat\u00f3rios que afetam estados do Centro-Oeste, e de Roberto Xavier, que apresentou tend\u00eancias globais, riscos e oportunidades no setor.<\/p>\n\n\n\n<p><\/p>\n\n\n\n<p><em>BS COMUNICA\u00c7\u00c3O\/ASSESSORIA DE IMPRESA EXPOMIN\u00c9RIO<\/em><\/p>","protected":false},"excerpt":{"rendered":"<p>Painel re\u00fane especialistas para discutir competitividade, atra\u00e7\u00e3o de investimentos, padr\u00f5es internacionais e experi\u00eancias globais como a do Quebec, no Canad\u00e1 O painel \u201cDesafios e Tend\u00eancias da Minera\u00e7\u00e3o\u201d, realizado nesta quarta-feira (26.11) na Expomin\u00e9rio 2025, reuniu especialistas do Brasil e do exterior para discutir os caminhos que podem determinar o futuro do setor, especialmente em um [&hellip;]<\/p>\n","protected":false},"author":3,"featured_media":1546,"comment_status":"open","ping_status":"open","sticky":false,"template":"","format":"standard","meta":{"_coblocks_attr":"","_coblocks_dimensions":"","_coblocks_responsive_height":"","_coblocks_accordion_ie_support":"","footnotes":""},"categories":[],"tags":[],"class_list":["post-1545","post","type-post","status-publish","format-standard","has-post-thumbnail","hentry"],"_links":{"self":[{"href":"https:\/\/expominerio.com.br\/en\/wp-json\/wp\/v2\/posts\/1545","targetHints":{"allow":["GET"]}}],"collection":[{"href":"https:\/\/expominerio.com.br\/en\/wp-json\/wp\/v2\/posts"}],"about":[{"href":"https:\/\/expominerio.com.br\/en\/wp-json\/wp\/v2\/types\/post"}],"author":[{"embeddable":true,"href":"https:\/\/expominerio.com.br\/en\/wp-json\/wp\/v2\/users\/3"}],"replies":[{"embeddable":true,"href":"https:\/\/expominerio.com.br\/en\/wp-json\/wp\/v2\/comments?post=1545"}],"version-history":[{"count":1,"href":"https:\/\/expominerio.com.br\/en\/wp-json\/wp\/v2\/posts\/1545\/revisions"}],"predecessor-version":[{"id":1547,"href":"https:\/\/expominerio.com.br\/en\/wp-json\/wp\/v2\/posts\/1545\/revisions\/1547"}],"wp:featuredmedia":[{"embeddable":true,"href":"https:\/\/expominerio.com.br\/en\/wp-json\/wp\/v2\/media\/1546"}],"wp:attachment":[{"href":"https:\/\/expominerio.com.br\/en\/wp-json\/wp\/v2\/media?parent=1545"}],"wp:term":[{"taxonomy":"category","embeddable":true,"href":"https:\/\/expominerio.com.br\/en\/wp-json\/wp\/v2\/categories?post=1545"},{"taxonomy":"post_tag","embeddable":true,"href":"https:\/\/expominerio.com.br\/en\/wp-json\/wp\/v2\/tags?post=1545"}],"curies":[{"name":"wp","href":"https:\/\/api.w.org\/{rel}","templated":true}]}}