{"id":1539,"date":"2025-11-27T15:02:07","date_gmt":"2025-11-27T15:02:07","guid":{"rendered":"https:\/\/expominerio.com.br\/?p=1539"},"modified":"2025-11-27T16:21:56","modified_gmt":"2025-11-27T16:21:56","slug":"projeto-mina-do-saber-recebe-criancas-na-expominerio","status":"publish","type":"post","link":"https:\/\/expominerio.com.br\/en\/projeto-mina-do-saber-recebe-criancas-na-expominerio\/","title":{"rendered":"Projeto Mina do Saber recebe crian\u00e7as na Expomin\u00e9rio"},"content":{"rendered":"<p><em>Idealizado pela advogada Pamela Alegria, uma das fundadoras da Expomin\u00e9rio, o projeto nasce de um desejo de educar desde cedo sobre o tema.<\/em><\/p>\n\n\n\n<p>A Expomin\u00e9rio ser\u00e1 palco de uma iniciativa especial de educa\u00e7\u00e3o e conscientiza\u00e7\u00e3o: o Projeto Mina do Saber. Nos dias 27 e 28 de novembro, a partir das 14h, 200 crian\u00e7as ter\u00e3o a oportunidade de participar de um evento l\u00fadico e informativo, que busca desmistificar a minera\u00e7\u00e3o e mostrar sua import\u00e2ncia de forma acess\u00edvel.<\/p>\n\n\n\n<p>Ser\u00e3o 100 crian\u00e7as por dia que participar\u00e3o de uma programa\u00e7\u00e3o envolvente. Eles participar\u00e3o de uma conta\u00e7\u00e3o de hist\u00f3ria conduzida pela atriz e narradora Alicce Oliveira, proporcionando um momento de cultura e imagina\u00e7\u00e3o.<\/p>\n\n\n\n<p>Al\u00e9m disso, as crian\u00e7as v\u00e3o interagir com o projeto l\u00fadico de Leandro Lima, que traz as simp\u00e1ticas Tr\u00eas Capivarinhas Garimpeiras, unindo aprendizado e divers\u00e3o.<br>Idealizado pela advogada Pamela Alegria, uma das fundadoras da Expomin\u00e9rio, o projeto nasce de um desejo de educar desde cedo sobre o tema. &#8220;\u00c9 a grande realiza\u00e7\u00e3o de um sonho, porque eu sempre quis desmistificar a minera\u00e7\u00e3o e eu tenho certeza que o trabalho precisa come\u00e7ar da base e \u00e9 com as crian\u00e7as, trabalhando nessa forma\u00e7\u00e3o de opini\u00e3o de um setor que \u00e9 t\u00e3o importante para nosso futuro\u201d.<\/p>\n\n\n\n<p>A jornada das crian\u00e7as se completar\u00e1 com um tour guiado pela feira, onde poder\u00e3o ver de perto o universo da minera\u00e7\u00e3o, seguido de um lanche especial.<\/p>\n\n\n\n<p>O Projeto Mina do Saber conta com o apoio fundamental de grandes parceiros, incluindo a Nexa, Explora Limitada, VM Minera\u00e7\u00e3o, a cooperativa de garimpeiros de Peixoto de Azevedo (Coogavepe) e da Assembleia Legislativa.<\/p>\n\n\n\n<p><\/p>\n\n\n\n<p>BS COMUNICA\u00c7\u00c3O\/ASSESSORIA DE IMPRESA EXPOMIN\u00c9RIO<\/p>\n\n\n\n<p><\/p>","protected":false},"excerpt":{"rendered":"<p>Idealizado pela advogada Pamela Alegria, uma das fundadoras da Expomin\u00e9rio, o projeto nasce de um desejo de educar desde cedo sobre o tema. A Expomin\u00e9rio ser\u00e1 palco de uma iniciativa especial de educa\u00e7\u00e3o e conscientiza\u00e7\u00e3o: o Projeto Mina do Saber. Nos dias 27 e 28 de novembro, a partir das 14h, 200 crian\u00e7as ter\u00e3o a [&hellip;]<\/p>\n","protected":false},"author":3,"featured_media":1540,"comment_status":"open","ping_status":"open","sticky":false,"template":"","format":"standard","meta":{"_coblocks_attr":"","_coblocks_dimensions":"","_coblocks_responsive_height":"","_coblocks_accordion_ie_support":"","footnotes":""},"categories":[6],"tags":[],"class_list":["post-1539","post","type-post","status-publish","format-standard","has-post-thumbnail","hentry","category-noticias"],"_links":{"self":[{"href":"https:\/\/expominerio.com.br\/en\/wp-json\/wp\/v2\/posts\/1539","targetHints":{"allow":["GET"]}}],"collection":[{"href":"https:\/\/expominerio.com.br\/en\/wp-json\/wp\/v2\/posts"}],"about":[{"href":"https:\/\/expominerio.com.br\/en\/wp-json\/wp\/v2\/types\/post"}],"author":[{"embeddable":true,"href":"https:\/\/expominerio.com.br\/en\/wp-json\/wp\/v2\/users\/3"}],"replies":[{"embeddable":true,"href":"https:\/\/expominerio.com.br\/en\/wp-json\/wp\/v2\/comments?post=1539"}],"version-history":[{"count":1,"href":"https:\/\/expominerio.com.br\/en\/wp-json\/wp\/v2\/posts\/1539\/revisions"}],"predecessor-version":[{"id":1541,"href":"https:\/\/expominerio.com.br\/en\/wp-json\/wp\/v2\/posts\/1539\/revisions\/1541"}],"wp:featuredmedia":[{"embeddable":true,"href":"https:\/\/expominerio.com.br\/en\/wp-json\/wp\/v2\/media\/1540"}],"wp:attachment":[{"href":"https:\/\/expominerio.com.br\/en\/wp-json\/wp\/v2\/media?parent=1539"}],"wp:term":[{"taxonomy":"category","embeddable":true,"href":"https:\/\/expominerio.com.br\/en\/wp-json\/wp\/v2\/categories?post=1539"},{"taxonomy":"post_tag","embeddable":true,"href":"https:\/\/expominerio.com.br\/en\/wp-json\/wp\/v2\/tags?post=1539"}],"curies":[{"name":"wp","href":"https:\/\/api.w.org\/{rel}","templated":true}]}}