{"id":1535,"date":"2025-11-27T02:10:07","date_gmt":"2025-11-27T02:10:07","guid":{"rendered":"https:\/\/expominerio.com.br\/?p=1535"},"modified":"2025-11-27T16:22:07","modified_gmt":"2025-11-27T16:22:07","slug":"setor-de-gemas-defende-nova-regulacao-e-valorizacao-do-garimpeiro","status":"publish","type":"post","link":"https:\/\/expominerio.com.br\/en\/setor-de-gemas-defende-nova-regulacao-e-valorizacao-do-garimpeiro\/","title":{"rendered":"Setor de gemas defende nova regula\u00e7\u00e3o e valoriza\u00e7\u00e3o do garimpeiro"},"content":{"rendered":"<p><em>Especialistas destacam na Expomin\u00e9rio 2025 que a minera\u00e7\u00e3o de gemas \u00e9 artesanal, de baixo impacto ambiental e estrat\u00e9gica para a cadeia joalheira<\/em><\/p>\n\n\n\n<p>A minera\u00e7\u00e3o de gemas, frequentemente associada a luxo ou a pr\u00e1ticas informais, ganhou espa\u00e7o de destaque na Expomin\u00e9rio 2025 nesta quarta-feira (26.11). Em um painel voltado exclusivamente ao tema, representantes do setor defenderam a necessidade de modernizar a legisla\u00e7\u00e3o, ampliar a formaliza\u00e7\u00e3o de garimpos e reposicionar as gemas como atividade econ\u00f4mica estrat\u00e9gica, sustent\u00e1vel e capaz de gerar dignidade para milhares de trabalhadores.<\/p>\n\n\n\n<p>O presidente da C\u00e2mara de Gemas do Sindicato de Joalheiros de Minas Gerais, Joel Saturnino, abriu a discuss\u00e3o destacando que a cadeia produtiva das gemas ainda enfrenta obst\u00e1culos hist\u00f3ricos, muitos deles ligados ao desconhecimento sobre o setor e a preconceitos antigos que relegam o garimpeiro a um personagem secund\u00e1rio. Segundo ele, esse cen\u00e1rio precisa mudar, e a regulariza\u00e7\u00e3o por meio do cooperativismo tem mostrado resultados concretos.<\/p>\n\n\n\n<p>\u201cNosso foco hoje \u00e9 discutir a extra\u00e7\u00e3o de gemas de forma legal, com responsabilidade e competitividade, para que o produto chegue ao mercado com rastreabilidade e menos obst\u00e1culos. Vamos trazer resultados pr\u00e1ticos de experi\u00eancias j\u00e1 consolidadas com a formaliza\u00e7\u00e3o via cooperativas, que t\u00eam assegurado dignidade ao garimpeiro e transpar\u00eancia \u00e0 cadeia\u201d, afirmou.<\/p>\n\n\n\n<p>Joel refor\u00e7ou ainda que o setor movimenta milh\u00f5es e precisa ser encarado como estrat\u00e9gico, n\u00e3o apenas como nicho de luxo. \u201c\u00c9 preciso que a sociedade se aprofunde no tema e supere estigmas seculares. A joalheria \u00e9 uma atividade econ\u00f4mica robusta, que depende de um garimpeiro que n\u00e3o \u00e9 coitadinho: \u00e9 um ativo fundamental dessa cadeia.\u201d<\/p>\n\n\n\n<p>Ele tamb\u00e9m elogiou o espa\u00e7o aberto pela Expomin\u00e9rio para debates maduros e p\u00fablicos sobre o tema. \u201cEventos como este deveriam acontecer dez vezes por ano. A feira d\u00e1 voz a quem vive o setor na pr\u00e1tica e mostra que, aqui no Mato Grosso, a combina\u00e7\u00e3o entre gema e ouro sempre foi natural.\u201d<\/p>\n\n\n\n<p>A vis\u00e3o foi compartilhada pelo presidente do Sindij\u00f3ias e Ajomig, que representa ind\u00fastrias de joalheria, ourivesaria e gemas em Minas Gerais, Murilo Graciano. Ele explicou que a minera\u00e7\u00e3o de gemas possui caracter\u00edsticas pr\u00f3prias e n\u00e3o pode ser comparada a outras atividades minerais envolvidas em trag\u00e9dias como Brumadinho ou Mariana, que ainda alimentam preconceitos.<\/p>\n\n\n\n<p>\u201c\u00c9 dif\u00edcil falar de minera\u00e7\u00e3o hoje porque grandes desastres acabaram contaminando a imagem do setor. Mas a extra\u00e7\u00e3o de gemas \u00e9 quase 100% artesanal, de baix\u00edssimo impacto ambiental e de recupera\u00e7\u00e3o simples. \u00c9 completamente diferente das grandes opera\u00e7\u00f5es\u201d, ressaltou.<\/p>\n\n\n\n<p>Murilo defendeu ajustes na legisla\u00e7\u00e3o, que hoje n\u00e3o acompanha a realidade de uma atividade marcada por pequenas frentes de lavra, empresas familiares e produ\u00e7\u00e3o manual. \u201cPrecisamos de uma legisla\u00e7\u00e3o mais apropriada ao tamanho da minera\u00e7\u00e3o de gemas. Por isso, esse painel \u00e9 essencial: traz conhecimento, aproxima o p\u00fablico, quebra mitos e ajuda o poder p\u00fablico a legislar de forma mais assertiva.\u201d<\/p>\n\n\n\n<p>O painel tamb\u00e9m contou com a presen\u00e7a de \u00c9cio Morais, diretor executivo do IBGM, e de Cristiano Siqueira, mestre em Engenharia de Materiais, aprofundando o debate t\u00e9cnico sobre sustentabilidade, competitividade internacional e rastreabilidade na cadeia de gemas.<\/p>\n\n\n\n<p>BS COMUNICA\u00c7\u00c3O\/ASSESSORIA DE IMPRESA EXPOMIN\u00c9RIO<\/p>","protected":false},"excerpt":{"rendered":"<p>Especialistas destacam na Expomin\u00e9rio 2025 que a minera\u00e7\u00e3o de gemas \u00e9 artesanal, de baixo impacto ambiental e estrat\u00e9gica para a cadeia joalheira A minera\u00e7\u00e3o de gemas, frequentemente associada a luxo ou a pr\u00e1ticas informais, ganhou espa\u00e7o de destaque na Expomin\u00e9rio 2025 nesta quarta-feira (26.11). Em um painel voltado exclusivamente ao tema, representantes do setor defenderam [&hellip;]<\/p>\n","protected":false},"author":3,"featured_media":1537,"comment_status":"open","ping_status":"open","sticky":false,"template":"","format":"standard","meta":{"_coblocks_attr":"","_coblocks_dimensions":"","_coblocks_responsive_height":"","_coblocks_accordion_ie_support":"","footnotes":""},"categories":[6],"tags":[],"class_list":["post-1535","post","type-post","status-publish","format-standard","has-post-thumbnail","hentry","category-noticias"],"_links":{"self":[{"href":"https:\/\/expominerio.com.br\/en\/wp-json\/wp\/v2\/posts\/1535","targetHints":{"allow":["GET"]}}],"collection":[{"href":"https:\/\/expominerio.com.br\/en\/wp-json\/wp\/v2\/posts"}],"about":[{"href":"https:\/\/expominerio.com.br\/en\/wp-json\/wp\/v2\/types\/post"}],"author":[{"embeddable":true,"href":"https:\/\/expominerio.com.br\/en\/wp-json\/wp\/v2\/users\/3"}],"replies":[{"embeddable":true,"href":"https:\/\/expominerio.com.br\/en\/wp-json\/wp\/v2\/comments?post=1535"}],"version-history":[{"count":1,"href":"https:\/\/expominerio.com.br\/en\/wp-json\/wp\/v2\/posts\/1535\/revisions"}],"predecessor-version":[{"id":1538,"href":"https:\/\/expominerio.com.br\/en\/wp-json\/wp\/v2\/posts\/1535\/revisions\/1538"}],"wp:featuredmedia":[{"embeddable":true,"href":"https:\/\/expominerio.com.br\/en\/wp-json\/wp\/v2\/media\/1537"}],"wp:attachment":[{"href":"https:\/\/expominerio.com.br\/en\/wp-json\/wp\/v2\/media?parent=1535"}],"wp:term":[{"taxonomy":"category","embeddable":true,"href":"https:\/\/expominerio.com.br\/en\/wp-json\/wp\/v2\/categories?post=1535"},{"taxonomy":"post_tag","embeddable":true,"href":"https:\/\/expominerio.com.br\/en\/wp-json\/wp\/v2\/tags?post=1535"}],"curies":[{"name":"wp","href":"https:\/\/api.w.org\/{rel}","templated":true}]}}