{"id":1532,"date":"2025-11-27T02:07:37","date_gmt":"2025-11-27T02:07:37","guid":{"rendered":"https:\/\/expominerio.com.br\/?p=1532"},"modified":"2025-12-02T22:41:48","modified_gmt":"2025-12-02T22:41:48","slug":"expominerio-debate-futuro-da-regulacao-mineral-e-reforca-necessidade-de-normas-mais-claras-e-participacao-social","status":"publish","type":"post","link":"https:\/\/expominerio.com.br\/en\/expominerio-debate-futuro-da-regulacao-mineral-e-reforca-necessidade-de-normas-mais-claras-e-participacao-social\/","title":{"rendered":"Expomin\u00e9rio debate futuro da regula\u00e7\u00e3o mineral e refor\u00e7a necessidade de normas mais claras e participa\u00e7\u00e3o social"},"content":{"rendered":"<p><em>Especialistas da ANM defendem moderniza\u00e7\u00e3o regulat\u00f3ria, integra\u00e7\u00e3o entre estados e revis\u00e3o cont\u00ednua das regras que orientam a atividade mineral no Brasil<\/em><\/p>\n\n\n\n<p>As discuss\u00f5es sobre o aprimoramento das regras que regem a minera\u00e7\u00e3o no pa\u00eds ganharam destaque na tarde desta quarta-feira (26.11), durante o painel \u201cGovernan\u00e7a e Regula\u00e7\u00e3o no Setor Mineral Brasileiro\u201d, realizado na Expomin\u00e9rio 2025. O encontro reuniu representantes da Ag\u00eancia Nacional de Minera\u00e7\u00e3o (ANM) e especialistas do setor para discutir como uma regula\u00e7\u00e3o mais eficiente, transparente e participativa pode destravar gargalos hist\u00f3ricos e oferecer seguran\u00e7a jur\u00eddica \u00e0s atividades minerais em todo o territ\u00f3rio nacional.<\/p>\n\n\n\n<p>A ex-superintendente de Regula\u00e7\u00e3o Econ\u00f4mica da ANM, Fabiana Di Lucia, iniciou o debate destacando que a regula\u00e7\u00e3o mineral precisa ser entendida como um processo cont\u00ednuo, que depende de t\u00e9cnica, clareza e participa\u00e7\u00e3o social para produzir resultados. Especialista em direito miner\u00e1rio, ela ressaltou que o setor s\u00f3 avan\u00e7a quando suas normas acompanham a realidade de campo.<\/p>\n\n\n\n<p>\u201c\u00c9 importante debater a regula\u00e7\u00e3o dentro do setor mineral, que envolve a elabora\u00e7\u00e3o e o aperfei\u00e7oamento das normas. A legisla\u00e7\u00e3o precisa ser clara, transparente e compat\u00edvel com a realidade, e isso s\u00f3 acontece com audi\u00eancias p\u00fablicas, consultas e participa\u00e7\u00e3o social. Uma norma eficaz nasce do di\u00e1logo\u201d, afirmou.<\/p>\n\n\n\n<p>Fabiana explicou ainda que, diferentemente do que ocorre em outros setores econ\u00f4micos, a minera\u00e7\u00e3o n\u00e3o pode operar com regras est\u00e1ticas, j\u00e1 que demanda ajustes permanentes.<\/p>\n\n\n\n<p>\u201cNenhuma norma \u00e9 perfeita. Por isso existe a an\u00e1lise de impacto regulat\u00f3rio antes e a avalia\u00e7\u00e3o de resultado depois. Se a regra n\u00e3o cumpriu seu objetivo, ela precisa ser revisada. Esse \u00e9 um ciclo permanente.\u201d<\/p>\n\n\n\n<p>Na sequ\u00eancia, o ge\u00f3logo e gerente regional da ANM no Par\u00e1, Hugo Paiva Tavares de Sousa, ampliou o debate ao explicar que governan\u00e7a e regula\u00e7\u00e3o caminham juntas e exigem alinhamento entre estados, autarquia federal e setor privado. Ele lembrou que temas como a lavra garimpeira, a regulariza\u00e7\u00e3o de pequenas opera\u00e7\u00f5es e a defini\u00e7\u00e3o de novos procedimentos dependem de integra\u00e7\u00e3o entre diferentes regi\u00f5es do pa\u00eds.<\/p>\n\n\n\n<p>\u201cO Brasil \u00e9 um pa\u00eds plural. A discuss\u00e3o entre os estados \u00e9 fundamental para buscar solu\u00e7\u00f5es convergentes. Mato Grosso, Par\u00e1, Rond\u00f4nia e Tocantins enfrentam desafios comuns na minera\u00e7\u00e3o. A regulamenta\u00e7\u00e3o precisa considerar essas realidades para ser efetiva\u201d, observou.<\/p>\n\n\n\n<p>Hugo refor\u00e7ou que espa\u00e7os como a Expomin\u00e9rio s\u00e3o estrat\u00e9gicos para aproximar t\u00e9cnicos, empresas e \u00f3rg\u00e3os p\u00fablicos, permitindo que d\u00favidas pr\u00e1ticas \u2014 muitas vezes invis\u00edveis no processo formal \u2014 venham \u00e0 tona. \u201cO painel \u00e9 um espa\u00e7o para perguntas que sanam d\u00favidas micro e macro. Estamos aqui para isso.\u201d<\/p>\n\n\n\n<p>A mesa contou tamb\u00e9m com a participa\u00e7\u00e3o de Gean Frank Faustino da Silva, gerente regional da ANM no Tocantins, que discutiu a agenda regulat\u00f3ria da institui\u00e7\u00e3o para 2025 e 2026, refor\u00e7ando a necessidade de processos mais previs\u00edveis e alinhados \u00e0 moderniza\u00e7\u00e3o tecnol\u00f3gica do setor.<\/p>\n\n\n\n<p>Moderado por Pamela Alegria, o painel consolidou um dos temas mais sens\u00edveis da minera\u00e7\u00e3o nacional: a necessidade de um marco regulat\u00f3rio mais din\u00e2mico, compreens\u00edvel, participativo e adaptado \u00e0s realidades regionais.<\/p>\n\n\n\n<p>BS COMUNICA\u00c7\u00c3O\/ASSESSORIA DE IMPRESA EXPOMIN\u00c9RIO<\/p>\n\n\n\n<p><\/p>","protected":false},"excerpt":{"rendered":"<p>Especialistas da ANM defendem moderniza\u00e7\u00e3o regulat\u00f3ria, integra\u00e7\u00e3o entre estados e revis\u00e3o cont\u00ednua das regras que orientam a atividade mineral no Brasil As discuss\u00f5es sobre o aprimoramento das regras que regem a minera\u00e7\u00e3o no pa\u00eds ganharam destaque na tarde desta quarta-feira (26.11), durante o painel \u201cGovernan\u00e7a e Regula\u00e7\u00e3o no Setor Mineral Brasileiro\u201d, realizado na Expomin\u00e9rio 2025. [&hellip;]<\/p>\n","protected":false},"author":3,"featured_media":1533,"comment_status":"open","ping_status":"open","sticky":false,"template":"","format":"standard","meta":{"_coblocks_attr":"","_coblocks_dimensions":"","_coblocks_responsive_height":"","_coblocks_accordion_ie_support":"","footnotes":""},"categories":[6],"tags":[],"class_list":["post-1532","post","type-post","status-publish","format-standard","has-post-thumbnail","hentry","category-noticias"],"_links":{"self":[{"href":"https:\/\/expominerio.com.br\/en\/wp-json\/wp\/v2\/posts\/1532","targetHints":{"allow":["GET"]}}],"collection":[{"href":"https:\/\/expominerio.com.br\/en\/wp-json\/wp\/v2\/posts"}],"about":[{"href":"https:\/\/expominerio.com.br\/en\/wp-json\/wp\/v2\/types\/post"}],"author":[{"embeddable":true,"href":"https:\/\/expominerio.com.br\/en\/wp-json\/wp\/v2\/users\/3"}],"replies":[{"embeddable":true,"href":"https:\/\/expominerio.com.br\/en\/wp-json\/wp\/v2\/comments?post=1532"}],"version-history":[{"count":2,"href":"https:\/\/expominerio.com.br\/en\/wp-json\/wp\/v2\/posts\/1532\/revisions"}],"predecessor-version":[{"id":1603,"href":"https:\/\/expominerio.com.br\/en\/wp-json\/wp\/v2\/posts\/1532\/revisions\/1603"}],"wp:featuredmedia":[{"embeddable":true,"href":"https:\/\/expominerio.com.br\/en\/wp-json\/wp\/v2\/media\/1533"}],"wp:attachment":[{"href":"https:\/\/expominerio.com.br\/en\/wp-json\/wp\/v2\/media?parent=1532"}],"wp:term":[{"taxonomy":"category","embeddable":true,"href":"https:\/\/expominerio.com.br\/en\/wp-json\/wp\/v2\/categories?post=1532"},{"taxonomy":"post_tag","embeddable":true,"href":"https:\/\/expominerio.com.br\/en\/wp-json\/wp\/v2\/tags?post=1532"}],"curies":[{"name":"wp","href":"https:\/\/api.w.org\/{rel}","templated":true}]}}