{"id":1529,"date":"2025-11-27T00:04:01","date_gmt":"2025-11-27T00:04:01","guid":{"rendered":"https:\/\/expominerio.com.br\/?p=1529"},"modified":"2025-11-27T16:22:32","modified_gmt":"2025-11-27T16:22:32","slug":"painel-discute-minerais-criticos-e-papel-do-brasil-na-transicao-energetica","status":"publish","type":"post","link":"https:\/\/expominerio.com.br\/en\/painel-discute-minerais-criticos-e-papel-do-brasil-na-transicao-energetica\/","title":{"rendered":"Painel discute minerais cr\u00edticos e papel do Brasil na transi\u00e7\u00e3o energ\u00e9tica"},"content":{"rendered":"<p>Primeira mesa da programa\u00e7\u00e3o abriu debates sobre geopol\u00edtica, energia nuclear, terras raras e desafios ambientais da minera\u00e7\u00e3o moderna<\/p>\n\n\n\n<p>O primeiro dia da Expomin\u00e9rio 2025, nesta quarta-feira (26.11), come\u00e7ou com um dos temas mais sens\u00edveis da agenda mineral mundial: a corrida global por minerais cr\u00edticos e estrat\u00e9gicos. O painel de abertura, intitulado \u201cMinerais cr\u00edticos, estrat\u00e9gicos, geopol\u00edtica: Brasil na transi\u00e7\u00e3o energ\u00e9tica\u201d, reuniu especialistas que analisaram a posi\u00e7\u00e3o do pa\u00eds nesse cen\u00e1rio e destacaram a necessidade de planejamento, tecnologia e seguran\u00e7a jur\u00eddica para que o Brasil avance de forma competitiva e sustent\u00e1vel.<\/p>\n\n\n\n<p>O advogado Alexandre Sion, s\u00f3cio-fundador da Sion Advogados, foi um dos convidados da mesa e abriu a discuss\u00e3o ressaltando a import\u00e2ncia de o Brasil assumir com mais clareza seu papel na geopol\u00edtica dos minerais essenciais \u00e0 transi\u00e7\u00e3o energ\u00e9tica. Ele elogiou a evolu\u00e7\u00e3o da Expomin\u00e9rio, que chamou de evento \u201ccada vez mais pujante\u201d, e destacou que Mato Grosso passa a integrar, de forma crescente, o mapa das discuss\u00f5es estrat\u00e9gicas nacionais.<\/p>\n\n\n\n<p>\u201c\u00c9 sempre uma honra participar e o evento est\u00e1 de parab\u00e9ns, cada ano mais pujante, com mais participa\u00e7\u00f5es. N\u00f3s falamos sobre a import\u00e2ncia dos minerais estrat\u00e9gicos, o que o Brasil tem feito e o que ainda pode fazer para ocupar um posicionamento relevante nesse cen\u00e1rio\u201d, afirmou.<\/p>\n\n\n\n<p>Sion observou que a minera\u00e7\u00e3o \u00e9 uma atividade que exige di\u00e1logo entre diferentes \u00e1reas do conhecimento e que essa caracter\u00edstica ficou evidente no p\u00fablico do painel. \u201cA minera\u00e7\u00e3o \u00e9 multifuncional, com engenheiros, ge\u00f3logos, administradores, bi\u00f3logos, advogados. A plateia representou exatamente essa diversidade. \u00c9 um privil\u00e9gio trazer essa discuss\u00e3o para o Estado. A Expomin\u00e9rio j\u00e1 \u00e9 o segundo maior evento de minera\u00e7\u00e3o do Brasil e, do jeito que cresce, logo alcan\u00e7a a Exposibram\u201d.<\/p>\n\n\n\n<p>A discuss\u00e3o tamb\u00e9m contou com a participa\u00e7\u00e3o do presidente das Ind\u00fastrias Nucleares do Brasil (INB), Tom\u00e1s Figueiredo, que apresentou a import\u00e2ncia do ur\u00e2nio e da energia nuclear para o futuro energ\u00e9tico global. Ele lembrou que o Brasil \u00e9 um dos poucos pa\u00edses que domina todo o ciclo do combust\u00edvel nuclear, o que coloca o pa\u00eds em posi\u00e7\u00e3o estrat\u00e9gica.<\/p>\n\n\n\n<p>\u201cVamos falar de minerais cr\u00edticos, entre eles o ur\u00e2nio. O Brasil \u00e9 um dos poucos pa\u00edses que domina todo o ciclo do combust\u00edvel nuclear, e a energia nuclear vem crescendo porque \u00e9 a \u00fanica capaz de atender \u00e0 demanda mundial sem emitir gases de aquecimento global e sem sofrer com a intermit\u00eancia das renov\u00e1veis\u201d, afirmou.<\/p>\n\n\n\n<p>Tom\u00e1s tamb\u00e9m explicou o papel das terras raras, insumos fundamentais para tecnologias modernas, como turbinas e\u00f3licas, carros el\u00e9tricos e equipamentos eletr\u00f4nicos. \u201cTerras raras s\u00e3o essenciais para a ind\u00fastria de tecnologia, motores el\u00e9tricos e geradores e\u00f3licos. Precisamos discutir seus impactos locais e ambientais e entender como o Brasil pode transformar essa riqueza natural em riqueza econ\u00f4mica e social\u201d, pontuou.<\/p>\n\n\n\n<p>Ele ainda destacou o crescimento da Expomin\u00e9rio e o avan\u00e7o da minera\u00e7\u00e3o em Mato Grosso. \u201cEstive aqui na primeira edi\u00e7\u00e3o e era tudo muito menor. Volto agora e vejo um evento enorme, o que mostra a import\u00e2ncia que a minera\u00e7\u00e3o ganhou no Estado.\u201d<\/p>\n\n\n\n<p>Tamb\u00e9m participaram do painel o presidente da Fiemt, Silvio Rangel, e a consultora de assuntos miner\u00e1rios do Ibram, Maria de Lourdes, que trouxeram contribui\u00e7\u00f5es sobre competitividade, inova\u00e7\u00e3o e governan\u00e7a. A modera\u00e7\u00e3o foi conduzida pela advogada especialista em Rela\u00e7\u00f5es Internacionais, Thais Costa, que alinhou os diferentes enfoques apresentados pelos convidados.<\/p>\n\n\n\n<p>A Expomin\u00e9rio segue at\u00e9 sexta-feira (28.11) com pain\u00e9is t\u00e9cnicos, cursos, debates sobre sustentabilidade, neg\u00f3cios e a presen\u00e7a de representantes de toda a cadeia mineral brasileira. A edi\u00e7\u00e3o deste ano \u00e9 considerada a maior j\u00e1 realizada, refor\u00e7ando o papel de Mato Grosso como um dos novos polos de discuss\u00e3o e desenvolvimento da minera\u00e7\u00e3o&nbsp;no&nbsp;pa\u00eds.<\/p>\n\n\n\n<p><\/p>\n\n\n\n<p>BS COMUNICA\u00c7\u00c3O\/ASSESSORIA DE IMPRESA EXPOMIN\u00c9RIO<\/p>","protected":false},"excerpt":{"rendered":"<p>Primeira mesa da programa\u00e7\u00e3o abriu debates sobre geopol\u00edtica, energia nuclear, terras raras e desafios ambientais da minera\u00e7\u00e3o moderna O primeiro dia da Expomin\u00e9rio 2025, nesta quarta-feira (26.11), come\u00e7ou com um dos temas mais sens\u00edveis da agenda mineral mundial: a corrida global por minerais cr\u00edticos e estrat\u00e9gicos. O painel de abertura, intitulado \u201cMinerais cr\u00edticos, estrat\u00e9gicos, geopol\u00edtica: [&hellip;]<\/p>\n","protected":false},"author":3,"featured_media":1530,"comment_status":"open","ping_status":"open","sticky":false,"template":"","format":"standard","meta":{"_coblocks_attr":"","_coblocks_dimensions":"","_coblocks_responsive_height":"","_coblocks_accordion_ie_support":"","footnotes":""},"categories":[6],"tags":[],"class_list":["post-1529","post","type-post","status-publish","format-standard","has-post-thumbnail","hentry","category-noticias"],"_links":{"self":[{"href":"https:\/\/expominerio.com.br\/en\/wp-json\/wp\/v2\/posts\/1529","targetHints":{"allow":["GET"]}}],"collection":[{"href":"https:\/\/expominerio.com.br\/en\/wp-json\/wp\/v2\/posts"}],"about":[{"href":"https:\/\/expominerio.com.br\/en\/wp-json\/wp\/v2\/types\/post"}],"author":[{"embeddable":true,"href":"https:\/\/expominerio.com.br\/en\/wp-json\/wp\/v2\/users\/3"}],"replies":[{"embeddable":true,"href":"https:\/\/expominerio.com.br\/en\/wp-json\/wp\/v2\/comments?post=1529"}],"version-history":[{"count":1,"href":"https:\/\/expominerio.com.br\/en\/wp-json\/wp\/v2\/posts\/1529\/revisions"}],"predecessor-version":[{"id":1531,"href":"https:\/\/expominerio.com.br\/en\/wp-json\/wp\/v2\/posts\/1529\/revisions\/1531"}],"wp:featuredmedia":[{"embeddable":true,"href":"https:\/\/expominerio.com.br\/en\/wp-json\/wp\/v2\/media\/1530"}],"wp:attachment":[{"href":"https:\/\/expominerio.com.br\/en\/wp-json\/wp\/v2\/media?parent=1529"}],"wp:term":[{"taxonomy":"category","embeddable":true,"href":"https:\/\/expominerio.com.br\/en\/wp-json\/wp\/v2\/categories?post=1529"},{"taxonomy":"post_tag","embeddable":true,"href":"https:\/\/expominerio.com.br\/en\/wp-json\/wp\/v2\/tags?post=1529"}],"curies":[{"name":"wp","href":"https:\/\/api.w.org\/{rel}","templated":true}]}}