{"id":1526,"date":"2025-11-26T23:58:54","date_gmt":"2025-11-26T23:58:54","guid":{"rendered":"https:\/\/expominerio.com.br\/?p=1526"},"modified":"2025-11-27T16:22:44","modified_gmt":"2025-11-27T16:22:44","slug":"expominerio-2025-abre-prevendo-r-200-milhoes-em-negocios-e-reforca-forca-da-mineracao-em-mt","status":"publish","type":"post","link":"https:\/\/expominerio.com.br\/en\/expominerio-2025-abre-prevendo-r-200-milhoes-em-negocios-e-reforca-forca-da-mineracao-em-mt\/","title":{"rendered":"Expomin\u00e9rio 2025 abre prevendo R$ 200 milh\u00f5es em neg\u00f3cios e refor\u00e7a for\u00e7a da minera\u00e7\u00e3o em MT"},"content":{"rendered":"<p>Evento triplica volume projetado no ano passado e re\u00fane Governo, Assembleia, ind\u00fastria e setor mineral em tr\u00eas dias de debates, tecnologia e oportunidades<\/p>\n\n\n\n<p><\/p>\n\n\n\n<p><\/p>\n\n\n\n<p>A Expomin\u00e9rio 2025 come\u00e7ou nesta quarta-feira (26.11), em Cuiab\u00e1, consolidando-se como o maior evento de minera\u00e7\u00e3o do Centro-Oeste e projetando at\u00e9 R$ 200 milh\u00f5es em neg\u00f3cios, quase tr\u00eas vezes mais que a edi\u00e7\u00e3o anterior. Com expans\u00e3o de p\u00fablico, expositores e conte\u00fado t\u00e9cnico, a feira abre tr\u00eas dias de debates sobre inova\u00e7\u00e3o, sustentabilidade e o futuro da atividade mineral em Mato Grosso.<\/p>\n\n\n\n<p>Uma das organizadoras, Pamela Alegria, destacou o salto de estrutura e relev\u00e2ncia do evento, lembrando que a Expomin\u00e9rio se tornou um espa\u00e7o de discuss\u00e3o qualificada sobre temas sens\u00edveis do setor, como a elimina\u00e7\u00e3o do merc\u00fario, transi\u00e7\u00e3o energ\u00e9tica e pr\u00e1ticas sustent\u00e1veis.<\/p>\n\n\n\n<p>\u201cA Expomin\u00e9rio se consolida como o segundo maior evento de minera\u00e7\u00e3o do pa\u00eds e o maior do Centro-Oeste. Trouxemos problemas reais que o setor enfrenta e tamb\u00e9m as solu\u00e7\u00f5es. Temos palestrantes que participaram da COP e especialistas para tratar sobre o uso do merc\u00fario e da transi\u00e7\u00e3o para uma cadeia do ouro sem contamina\u00e7\u00e3o. Ano passado, movimentamos R$ 75 milh\u00f5es de reais e agora, com uma feira tr\u00eas vezes maior, acreditamos gerar a partir de R$ 200 milh\u00f5es em negocia\u00e7\u00f5es\u201d.<\/p>\n\n\n\n<p>O governador Mauro Mendes ressaltou, em sua fala de abertura, que a minera\u00e7\u00e3o acompanha a hist\u00f3ria de Mato Grosso desde o per\u00edodo colonial e segue sendo um dos pilares da economia estadual, especialmente pelo v\u00ednculo com o agroneg\u00f3cio e pela demanda crescente por minerais estrat\u00e9gicos.<\/p>\n\n\n\n<p>\u201cEsse setor tem uma longa trajet\u00f3ria no nosso estado e \u00e9 fundamental para o agroneg\u00f3cio. Sem minera\u00e7\u00e3o de fertilizantes, pot\u00e1ssio, fosfato, simplesmente n\u00e3o ter\u00edamos agricultura na escala que temos hoje. \u00c9 preciso combater o estigma que reduz a minera\u00e7\u00e3o a imagens de garimpo ilegal. A atividade s\u00e9ria existe e \u00e9 majorit\u00e1ria, com tecnologia, seguran\u00e7a e respeito \u00e0s normas ambientais.\u201d<\/p>\n\n\n\n<p>O presidente da Assembleia Legislativa, Max Russi, refor\u00e7ou que o fortalecimento do setor depende de coordena\u00e7\u00e3o institucional e de regras claras, destacando o trabalho desenvolvido pelo grupo de minera\u00e7\u00e3o da ALMT e a import\u00e2ncia de transformar riqueza mineral em desenvolvimento local.<\/p>\n\n\n\n<p>\u201cEstamos debatendo projetos, ouvindo o governo, os mineradores e a sociedade. A minera\u00e7\u00e3o gera emprego, renda e pode transformar munic\u00edpios que ficaram para tr\u00e1s. Temos um potencial enorme, parecido com o que o agroneg\u00f3cio significou no passado. A feira cresce porque o setor cresce. E precisamos mudar a imagem da minera\u00e7\u00e3o: quem pratica ilegalidade n\u00e3o \u00e9 minerador. O setor s\u00e9rio, que \u00e9 a grande maioria, respeita o meio ambiente e ajuda a desenvolver cidades.\u201d<\/p>\n\n\n\n<p>J\u00e1 o organizador Disney de Paula enfatizou o car\u00e1ter t\u00e9cnico e educacional da Expomin\u00e9rio, que nesta edi\u00e7\u00e3o triplicou o n\u00famero de expositores e incorporou novas frentes de forma\u00e7\u00e3o e divulga\u00e7\u00e3o cient\u00edfica.<\/p>\n\n\n\n<p>\u201cA feira transforma Cuiab\u00e1 num polo de conhecimento e inova\u00e7\u00e3o da minera\u00e7\u00e3o. S\u00e3o mais de 40 horas de conte\u00fado com especialistas debatendo descarboniza\u00e7\u00e3o, ouro sem merc\u00fario, moderniza\u00e7\u00e3o da legisla\u00e7\u00e3o e tecnologias de ponta. Lan\u00e7amos o projeto Mina do Saber para aproximar as crian\u00e7as da ci\u00eancia e do mundo mineral. Crescemos tr\u00eas vezes de um ano para o outro, o que mostra a for\u00e7a do setor em Mato Grosso e no pa\u00eds\u201d.<\/p>\n\n\n\n<p>A Expomin\u00e9rio segue at\u00e9 sexta-feira (28.11), no Centro de Eventos do Pantanal e com entrada gratuita.<\/p>\n\n\n\n<p>BS COMUNICA\u00c7\u00c3O\/ASSESSORIA DE IMPRESA EXPOMIN\u00c9RIO<\/p>\n\n\n\n<p><\/p>","protected":false},"excerpt":{"rendered":"<p>Evento triplica volume projetado no ano passado e re\u00fane Governo, Assembleia, ind\u00fastria e setor mineral em tr\u00eas dias de debates, tecnologia e oportunidades A Expomin\u00e9rio 2025 come\u00e7ou nesta quarta-feira (26.11), em Cuiab\u00e1, consolidando-se como o maior evento de minera\u00e7\u00e3o do Centro-Oeste e projetando at\u00e9 R$ 200 milh\u00f5es em neg\u00f3cios, quase tr\u00eas vezes mais que a [&hellip;]<\/p>\n","protected":false},"author":3,"featured_media":1527,"comment_status":"open","ping_status":"open","sticky":false,"template":"","format":"standard","meta":{"_coblocks_attr":"","_coblocks_dimensions":"","_coblocks_responsive_height":"","_coblocks_accordion_ie_support":"","footnotes":""},"categories":[6],"tags":[],"class_list":["post-1526","post","type-post","status-publish","format-standard","has-post-thumbnail","hentry","category-noticias"],"_links":{"self":[{"href":"https:\/\/expominerio.com.br\/en\/wp-json\/wp\/v2\/posts\/1526","targetHints":{"allow":["GET"]}}],"collection":[{"href":"https:\/\/expominerio.com.br\/en\/wp-json\/wp\/v2\/posts"}],"about":[{"href":"https:\/\/expominerio.com.br\/en\/wp-json\/wp\/v2\/types\/post"}],"author":[{"embeddable":true,"href":"https:\/\/expominerio.com.br\/en\/wp-json\/wp\/v2\/users\/3"}],"replies":[{"embeddable":true,"href":"https:\/\/expominerio.com.br\/en\/wp-json\/wp\/v2\/comments?post=1526"}],"version-history":[{"count":1,"href":"https:\/\/expominerio.com.br\/en\/wp-json\/wp\/v2\/posts\/1526\/revisions"}],"predecessor-version":[{"id":1528,"href":"https:\/\/expominerio.com.br\/en\/wp-json\/wp\/v2\/posts\/1526\/revisions\/1528"}],"wp:featuredmedia":[{"embeddable":true,"href":"https:\/\/expominerio.com.br\/en\/wp-json\/wp\/v2\/media\/1527"}],"wp:attachment":[{"href":"https:\/\/expominerio.com.br\/en\/wp-json\/wp\/v2\/media?parent=1526"}],"wp:term":[{"taxonomy":"category","embeddable":true,"href":"https:\/\/expominerio.com.br\/en\/wp-json\/wp\/v2\/categories?post=1526"},{"taxonomy":"post_tag","embeddable":true,"href":"https:\/\/expominerio.com.br\/en\/wp-json\/wp\/v2\/tags?post=1526"}],"curies":[{"name":"wp","href":"https:\/\/api.w.org\/{rel}","templated":true}]}}