{"id":1485,"date":"2025-11-18T20:22:50","date_gmt":"2025-11-18T20:22:50","guid":{"rendered":"https:\/\/expominerio.com.br\/?p=1485"},"modified":"2025-11-18T20:22:50","modified_gmt":"2025-11-18T20:22:50","slug":"expominerio-tera-dia-dedicado-ao-debate-sobre-o-mercurio-e-alternativas-para-a-mineracao","status":"publish","type":"post","link":"https:\/\/expominerio.com.br\/en\/expominerio-tera-dia-dedicado-ao-debate-sobre-o-mercurio-e-alternativas-para-a-mineracao\/","title":{"rendered":"Expomin\u00e9rio ter\u00e1 dia dedicado ao debate sobre o merc\u00fario e alternativas para a minera\u00e7\u00e3o"},"content":{"rendered":"<p><em>A programa\u00e7\u00e3o do dia 27 de novembro ter\u00e1 um audit\u00f3rio exclusivo com a participa\u00e7\u00e3o especialistas, garimpeiros, mineradores e institui\u00e7\u00f5es para discutir regula\u00e7\u00e3o, riscos, transi\u00e7\u00e3o e tecnologias livres do merc\u00fario<\/em><\/p>\n\n\n\n<p>Assessoria de Imprensa Expomin\u00e9rio<\/p>\n\n\n\n<p>O uso do merc\u00fario na minera\u00e7\u00e3o ter\u00e1 uma programa\u00e7\u00e3o exclusiva durante a Expomin\u00e9rio 2025. O encontro, organizado pelo Instituto Escolhas em parceria com feira, ser\u00e1 no dia 27 de novembro, das 9h \u00e0s 17h, e reunir\u00e1 especialistas, representantes do governo, setor produtivo, cooperativas e institui\u00e7\u00f5es de pesquisa para discutir o uso do merc\u00fario na minera\u00e7\u00e3o do ouro e os caminhos para sua elimina\u00e7\u00e3o.<\/p>\n\n\n\n<p>A proposta \u00e9 apresentar um panorama atualizado sobre riscos, regula\u00e7\u00e3o, impactos socioambientais e solu\u00e7\u00f5es tecnol\u00f3gicas que j\u00e1 permitem a produ\u00e7\u00e3o de ouro sem o metal. A abertura ser\u00e1 conduzida pela diretora de Pesquisa do Instituto Escolhas, Larissa Rodrigues, ao lado do CEO da Certimine, de Eduardo Gama, e Disney de Paula um dos organizadores da Expomin\u00e9rio.<\/p>\n\n\n\n<p>Ao longo do dia, a programa\u00e7\u00e3o incluir\u00e1 pain\u00e9is sobre perspectivas regulat\u00f3rias, debates sobre o futuro da atividade, experi\u00eancias reais de transi\u00e7\u00e3o e alternativas tecnol\u00f3gicas voltadas para efici\u00eancia e seguran\u00e7a. Participam nomes como Gilson Camboim (Fecomin), Fernando Lucas Tavares (Fecogap), \u00c9cio Morais (IBGM), Dione Macedo (Projeto Ouro sem Merc\u00fario), Marcelo Takahashi (VM Minera\u00e7\u00e3o), Douglaz Gimenez (Cangas II), Guilherme Lages (Sepro), Diego Mielke (Gekko Systems), Roberto Cavalcanti (IBGM) e Hassan Sohn (Projeto Ouro sem Merc\u00fario), dentre outros nomes.<\/p>\n\n\n\n<p>Conforme a diretora de Pesquisa do Instituto Escolhas, Larissa Rodrigues, a proposta do encontro busca fortalecer o di\u00e1logo e acelerar caminhos para uma minera\u00e7\u00e3o mais segura, moderna e alinhada \u00e0s exig\u00eancias socioambientais do pa\u00eds. \u201cPrecisamos falar sobre o fim do uso do merc\u00fario. \u00c9 necess\u00e1rio discutir esse assunto com um di\u00e1logo franco e alternativas concretas, para assim construirmos uma transi\u00e7\u00e3o para um ouro livre de merc\u00fario\u201d, afirmou Larissa Rodrigues.<\/p>\n\n\n\n<p>Para Disney de Paula, promover uma programa\u00e7\u00e3o exclusiva para debater o assunto refor\u00e7a o compromisso da Expomin\u00e9rio com uma agenda que olha para o futuro da atividade. \u201cA discuss\u00e3o sobre o merc\u00fario n\u00e3o \u00e9 mais opcional, mas uma necessidade. Trazer diferentes vis\u00f5es para o mesmo espa\u00e7o ajuda a construir solu\u00e7\u00f5es que fa\u00e7am sentido para quem pesquisa, regula e produz. A feira quer ser esse ponto de encontro\u201d.<\/p>\n\n\n\n<p>Mais informa\u00e7\u00f5es sobre a programa\u00e7\u00e3o no site <a href=\"https:\/\/expominerio.com.br\/en\/programacao\/\" data-type=\"page\" data-id=\"122\">www.expominerio.com.br<\/a><\/p>\n\n\n\n<p><strong>EXPOMIN\u00c9RIO<\/strong> &#8211; A Expomin\u00e9rio 2025 ser\u00e1 realizada de 26 a 28 de novembro, com o Governo de Mato Grosso, por meio da Secretaria de Desenvolvimento Econ\u00f4mico (Sedec), como patrocinador oficial. Tamb\u00e9m apoiam o evento a Fecomin e a Fomentas Mining Company (patrocinadores R\u00f3dio), Nexa Resources, Keystone e Brazdrill (Diamante), Aura Apoena, Salinas Gold Minera\u00e7\u00e3o e Rio Caba\u00e7al Minera\u00e7\u00e3o (Ouro), al\u00e9m da GoldPlat Brasil e Ero Brasil (Prata).<\/p>","protected":false},"excerpt":{"rendered":"<p>A programa\u00e7\u00e3o do dia 27 de novembro ter\u00e1 um audit\u00f3rio exclusivo com a participa\u00e7\u00e3o especialistas, garimpeiros, mineradores e institui\u00e7\u00f5es para discutir regula\u00e7\u00e3o, riscos, transi\u00e7\u00e3o e tecnologias livres do merc\u00fario Assessoria de Imprensa Expomin\u00e9rio O uso do merc\u00fario na minera\u00e7\u00e3o ter\u00e1 uma programa\u00e7\u00e3o exclusiva durante a Expomin\u00e9rio 2025. O encontro, organizado pelo Instituto Escolhas em parceria [&hellip;]<\/p>\n","protected":false},"author":3,"featured_media":1486,"comment_status":"open","ping_status":"open","sticky":false,"template":"","format":"standard","meta":{"_coblocks_attr":"","_coblocks_dimensions":"","_coblocks_responsive_height":"","_coblocks_accordion_ie_support":"","footnotes":""},"categories":[],"tags":[],"class_list":["post-1485","post","type-post","status-publish","format-standard","has-post-thumbnail","hentry"],"_links":{"self":[{"href":"https:\/\/expominerio.com.br\/en\/wp-json\/wp\/v2\/posts\/1485","targetHints":{"allow":["GET"]}}],"collection":[{"href":"https:\/\/expominerio.com.br\/en\/wp-json\/wp\/v2\/posts"}],"about":[{"href":"https:\/\/expominerio.com.br\/en\/wp-json\/wp\/v2\/types\/post"}],"author":[{"embeddable":true,"href":"https:\/\/expominerio.com.br\/en\/wp-json\/wp\/v2\/users\/3"}],"replies":[{"embeddable":true,"href":"https:\/\/expominerio.com.br\/en\/wp-json\/wp\/v2\/comments?post=1485"}],"version-history":[{"count":1,"href":"https:\/\/expominerio.com.br\/en\/wp-json\/wp\/v2\/posts\/1485\/revisions"}],"predecessor-version":[{"id":1487,"href":"https:\/\/expominerio.com.br\/en\/wp-json\/wp\/v2\/posts\/1485\/revisions\/1487"}],"wp:featuredmedia":[{"embeddable":true,"href":"https:\/\/expominerio.com.br\/en\/wp-json\/wp\/v2\/media\/1486"}],"wp:attachment":[{"href":"https:\/\/expominerio.com.br\/en\/wp-json\/wp\/v2\/media?parent=1485"}],"wp:term":[{"taxonomy":"category","embeddable":true,"href":"https:\/\/expominerio.com.br\/en\/wp-json\/wp\/v2\/categories?post=1485"},{"taxonomy":"post_tag","embeddable":true,"href":"https:\/\/expominerio.com.br\/en\/wp-json\/wp\/v2\/tags?post=1485"}],"curies":[{"name":"wp","href":"https:\/\/api.w.org\/{rel}","templated":true}]}}