{"id":1482,"date":"2025-11-17T21:08:29","date_gmt":"2025-11-17T21:08:29","guid":{"rendered":"https:\/\/expominerio.com.br\/?p=1482"},"modified":"2025-11-17T21:08:29","modified_gmt":"2025-11-17T21:08:29","slug":"expominerio-2025-reune-17-paineis-em-tres-dias-de-debates-tecnicos","status":"publish","type":"post","link":"https:\/\/expominerio.com.br\/en\/expominerio-2025-reune-17-paineis-em-tres-dias-de-debates-tecnicos\/","title":{"rendered":"Expomin\u00e9rio 2025 re\u00fane 17 pain\u00e9is em tr\u00eas dias de debates t\u00e9cnicos"},"content":{"rendered":"<p><\/p>\n\n\n\n<p><em>Programa\u00e7\u00e3o traz especialistas de todo o pa\u00eds para discutir transi\u00e7\u00e3o energ\u00e9tica, tecnologia, licenciamento e os novos rumos da minera\u00e7\u00e3o brasileira<\/em><\/p>\n\n\n\n<p>Assessoria de Imprensa Expomin\u00e9rio<\/p>\n\n\n\n<p>A edi\u00e7\u00e3o 2025 da Expomin\u00e9rio ter\u00e1 uma das programa\u00e7\u00f5es mais completas do setor mineral no pa\u00eds, reunindo ao longo de tr\u00eas dias, entre 26 e 28 de novembro, um total de 17 pain\u00e9is distribu\u00eddos entre os audit\u00f3rios Minerais e Flores, do Cento de Eventos do Pantanal.<\/p>\n\n\n\n<p>Os debates abordam desde tend\u00eancias geopol\u00edticas e minerais cr\u00edticos at\u00e9 desafios ambientais, novas tecnologias, rela\u00e7\u00f5es comunit\u00e1rias, pol\u00edticas p\u00fablicas e o futuro da minera\u00e7\u00e3o sustent\u00e1vel em Mato Grosso e no Brasil. Para um dos organizadores do congresso, Humberto Paiva, a edi\u00e7\u00e3o deste ano consolida um novo patamar de articula\u00e7\u00e3o t\u00e9cnica e institucional.<\/p>\n\n\n\n<p>\u201cReunir 17 pain\u00e9is em tr\u00eas dias refor\u00e7a o prop\u00f3sito da Expomin\u00e9rio de ser um espa\u00e7o real de constru\u00e7\u00e3o de conhecimento e de di\u00e1logo qualificado. A cadeia mineral vive um momento de transforma\u00e7\u00e3o profunda, em que tecnologia, sustentabilidade, seguran\u00e7a jur\u00eddica e participa\u00e7\u00e3o social caminham juntos. Nossa inten\u00e7\u00e3o, ao trazer especialistas de diferentes \u00e1reas, \u00e9 criar um ambiente que permita entender os desafios, apresentar solu\u00e7\u00f5es e aproximar cada vez mais o setor das demandas da sociedade\u201d, afirma.<\/p>\n\n\n\n<p>O evento come\u00e7a na quarta-feira (26.11), \u00e0s 8 horas, no Audit\u00f3rio Minerais, com a abertura oficial do ciclo de palestras do IEL e segue para discuss\u00f5es sobre minerais cr\u00edticos e estrat\u00e9gicos na transi\u00e7\u00e3o energ\u00e9tica, governan\u00e7a e regula\u00e7\u00e3o do setor, minera\u00e7\u00e3o de gemas, diversidade e inclus\u00e3o nas opera\u00e7\u00f5es e os desafios tribut\u00e1rios da atividade. Especialistas de diferentes \u00e1reas far\u00e3o an\u00e1lises sobre o momento atual da minera\u00e7\u00e3o e os cen\u00e1rios projetados para os pr\u00f3ximos anos.<\/p>\n\n\n\n<p>Na quinta-feira (27.11), \u00e0s 08h30, os pain\u00e9is tratam dos desafios da minera\u00e7\u00e3o diante da Lei Geral do Licenciamento Ambiental, das rela\u00e7\u00f5es entre minera\u00e7\u00e3o e comunidades, dos conflitos socioambientais e dos avan\u00e7os tecnol\u00f3gicos aplicados \u00e0 cadeia produtiva, incluindo energia solar e inova\u00e7\u00e3o para efici\u00eancia das opera\u00e7\u00f5es. A programa\u00e7\u00e3o segue at\u00e9 o in\u00edcio da noite, quando ser\u00e1 realizada a palestra magna com o professor titular da USP, Fernando Landgraf.<\/p>\n\n\n\n<p>Ao mesmo tempo, o Audit\u00f3rio Flores recebe o encontro tem\u00e1tico \u201cMerc\u00fario: Olhando Juntos para o Futuro\u201d, organizado pelo Instituto Escolhas. O dia ser\u00e1 dedicado \u00e0 discuss\u00e3o regulat\u00f3ria, an\u00e1lises sobre o futuro da minera\u00e7\u00e3o artesanal, apresenta\u00e7\u00e3o de casos reais de transi\u00e7\u00e3o para m\u00e9todos livres de merc\u00fario e debates sobre alternativas tecnol\u00f3gicas. Representantes de entidades, pesquisadores, lideran\u00e7as do setor e especialistas internacionais participam das mesas, refor\u00e7ando o car\u00e1ter multidisciplinar do encontro.<\/p>\n\n\n\n<p>No \u00faltimo dia da Expomin\u00e9rio (28.11), o congresso encerra com discuss\u00f5es sobre investimentos e din\u00e2micas do mercado de ouro, pol\u00edticas de desenvolvimento mineral para Mato Grosso, avan\u00e7o dos mapeamentos geol\u00f3gicos e a import\u00e2ncia dos agregados da constru\u00e7\u00e3o civil para a infraestrutura estadual.<\/p>\n\n\n\n<p>Os \u00faltimos debates tratam da produ\u00e7\u00e3o de minerais cr\u00edticos a partir de rejeito e da empregabilidade e desenvolvimento socioecon\u00f4mico na minera\u00e7\u00e3o, antes do encerramento oficial da Expomin\u00e9rio 2025, previsto para as 22h.<\/p>\n\n\n\n<p>A Expomin\u00e9rio 2025 ser\u00e1 realizada de 26 a 28 de novembro, no Centro de Eventos do Pantanal em Cuiab\u00e1. Mais informa\u00e7\u00f5es: www.expominerio.com.br<\/p>\n\n\n\n<p><strong>REALIZA\u00c7\u00c3O &#8211;<\/strong> Patrocinador Oficial: Governo de Mato Grosso, por meio da Secretaria de Desenvolvimento Econ\u00f4mico (Sedec). Tamb\u00e9m apoiam o evento a Fecomin e a Fomentas Mining Company (patrocinadores R\u00f3dio), Nexa Resources, Keystone e Brazdrill (Diamante), Aura Apoena, Salinas Gold Minera\u00e7\u00e3o e Rio Caba\u00e7al Minera\u00e7\u00e3o (Ouro), al\u00e9m da GoldPlat Brasil e Ero Brasil (Prata).<\/p>","protected":false},"excerpt":{"rendered":"<p>Programa\u00e7\u00e3o traz especialistas de todo o pa\u00eds para discutir transi\u00e7\u00e3o energ\u00e9tica, tecnologia, licenciamento e os novos rumos da minera\u00e7\u00e3o brasileira Assessoria de Imprensa Expomin\u00e9rio A edi\u00e7\u00e3o 2025 da Expomin\u00e9rio ter\u00e1 uma das programa\u00e7\u00f5es mais completas do setor mineral no pa\u00eds, reunindo ao longo de tr\u00eas dias, entre 26 e 28 de novembro, um total de [&hellip;]<\/p>\n","protected":false},"author":3,"featured_media":1483,"comment_status":"open","ping_status":"open","sticky":false,"template":"","format":"standard","meta":{"_coblocks_attr":"","_coblocks_dimensions":"","_coblocks_responsive_height":"","_coblocks_accordion_ie_support":"","footnotes":""},"categories":[],"tags":[],"class_list":["post-1482","post","type-post","status-publish","format-standard","has-post-thumbnail","hentry"],"_links":{"self":[{"href":"https:\/\/expominerio.com.br\/en\/wp-json\/wp\/v2\/posts\/1482","targetHints":{"allow":["GET"]}}],"collection":[{"href":"https:\/\/expominerio.com.br\/en\/wp-json\/wp\/v2\/posts"}],"about":[{"href":"https:\/\/expominerio.com.br\/en\/wp-json\/wp\/v2\/types\/post"}],"author":[{"embeddable":true,"href":"https:\/\/expominerio.com.br\/en\/wp-json\/wp\/v2\/users\/3"}],"replies":[{"embeddable":true,"href":"https:\/\/expominerio.com.br\/en\/wp-json\/wp\/v2\/comments?post=1482"}],"version-history":[{"count":1,"href":"https:\/\/expominerio.com.br\/en\/wp-json\/wp\/v2\/posts\/1482\/revisions"}],"predecessor-version":[{"id":1484,"href":"https:\/\/expominerio.com.br\/en\/wp-json\/wp\/v2\/posts\/1482\/revisions\/1484"}],"wp:featuredmedia":[{"embeddable":true,"href":"https:\/\/expominerio.com.br\/en\/wp-json\/wp\/v2\/media\/1483"}],"wp:attachment":[{"href":"https:\/\/expominerio.com.br\/en\/wp-json\/wp\/v2\/media?parent=1482"}],"wp:term":[{"taxonomy":"category","embeddable":true,"href":"https:\/\/expominerio.com.br\/en\/wp-json\/wp\/v2\/categories?post=1482"},{"taxonomy":"post_tag","embeddable":true,"href":"https:\/\/expominerio.com.br\/en\/wp-json\/wp\/v2\/tags?post=1482"}],"curies":[{"name":"wp","href":"https:\/\/api.w.org\/{rel}","templated":true}]}}