{"id":1258,"date":"2025-09-25T22:54:26","date_gmt":"2025-09-25T22:54:26","guid":{"rendered":"https:\/\/expominerio.com.br\/?p=1258"},"modified":"2025-09-25T22:54:26","modified_gmt":"2025-09-25T22:54:26","slug":"organizadores-da-expominerio-sao-homenageados-na-assembleia-legislativa","status":"publish","type":"post","link":"https:\/\/expominerio.com.br\/en\/organizadores-da-expominerio-sao-homenageados-na-assembleia-legislativa\/","title":{"rendered":"Organizadores da Expomin\u00e9rio s\u00e3o homenageados na Assembleia Legislativa"},"content":{"rendered":"<p>Em reconhecimento \u00e0 significativa contribui\u00e7\u00e3o para o fortalecimento do setor de minera\u00e7\u00e3o no estado, os organizadores da Expomin\u00e9rio Disney de Paula, Pamela Alegria e Humberto Oliveira receberam na sexta-feira (12) mo\u00e7\u00f5es de aplausos na Assembleia Legislativa de Mato Grosso. A homenagem foi proposta pela deputada estadual Sheila Klener e destaca o empenho e a vis\u00e3o dos organizadores na promo\u00e7\u00e3o de um dos mais importantes eventos do calend\u00e1rio mineral brasileiro.<\/p>\n\n\n\n<p>A sess\u00e3o solene, realizada no plen\u00e1rio da Casa de Leis, reuniu autoridades, empres\u00e1rios do setor e representantes da sociedade civil. A deputada Sheila Klener ressaltou a import\u00e2ncia do evento para a economia mato-grossense e o papel fundamental dos homenageados em fomentar o di\u00e1logo sobre o desenvolvimento sustent\u00e1vel da minera\u00e7\u00e3o.<\/p>\n\n\n\n<p>&#8220;A Expomin\u00e9rio n\u00e3o apenas atrai investimentos e gera neg\u00f3cios, mas tamb\u00e9m se consolidou como um espa\u00e7o para o debate qualificado sobre as melhores pr\u00e1ticas ambientais e sociais no setor. Humberto, Dra. Pamela e Disney de Paula demonstram um compromisso not\u00e1vel com o desenvolvimento de Mato Grosso, e esta homenagem \u00e9 o justo reconhecimento por sua dedica\u00e7\u00e3o&#8221;, afirmou a parlamentar.<\/p>\n\n\n\n<p>Na oportunidade, os organizadores agradeceram a honraria e a dividiram com todos os parceiros, expositores e participantes que acreditaram no projeto desde a sua primeira edi\u00e7\u00e3o. &#8220;Este reconhecimento nos d\u00e1 ainda mais for\u00e7a para continuar trabalhando por uma minera\u00e7\u00e3o cada vez mais forte, respons\u00e1vel e transparente em nosso estado&#8221;, declarou Disney de Paula.<\/p>\n\n\n\n<p>A advogada Pamela Alegria destacou a evolu\u00e7\u00e3o do evento ao longo dos anos. &#8220;Ver a Expomin\u00e9rio crescer e se tornar uma refer\u00eancia nacional \u00e9 motivo de muito orgulho. Esta homenagem \u00e9 um incentivo para seguirmos em frente, buscando sempre a excel\u00eancia&#8221;, comentou.<\/p>\n\n\n\n<p>J\u00e1 Humberto enfatizou o potencial do setor mineral de Mato Grosso e a import\u00e2ncia de eventos como a Expomin\u00e9rio para apresent\u00e1-lo ao Brasil e ao mundo. \u201cReceber essa mo\u00e7\u00e3o de aplausos atrav\u00e9s da deputada Sheila Klener nos alegra muito, at\u00e9 pela vis\u00e3o que ela tem do pr\u00f3prio setor mineral, que est\u00e1 expandindo no estado de Mato Grosso. A Expomin\u00e9rio tem sido um grande alavancador da minera\u00e7\u00e3o de Mato Grosso e desenvolvido v\u00e1rias a\u00e7\u00f5es para que o nosso estado seja esse gigante tamb\u00e9m na minera\u00e7\u00e3o<em><strong>\u201d.<\/strong><\/em><\/p>\n\n\n\n<p><em><strong>Sobre a Expomin\u00e9rio 2025<\/strong><\/em><\/p>\n\n\n\n<p>A pr\u00f3xima edi\u00e7\u00e3o da Expomin\u00e9rio j\u00e1 tem data marcada e promete ser a maior j\u00e1 realizada. O evento acontecer\u00e1 nos dias 26, 27 e 28 de novembro de 2025, no Centro de Eventos do Pantanal, em Cuiab\u00e1. A feira reunir\u00e1 as principais empresas da cadeia produtiva da minera\u00e7\u00e3o, apresentando as \u00faltimas inova\u00e7\u00f5es em m\u00e1quinas, equipamentos e tecnologia, al\u00e9m de uma extensa programa\u00e7\u00e3o de palestras e pain\u00e9is com renomados especialistas do setor. A Expomin\u00e9rio 2025 ser\u00e1 uma oportunidade \u00edmpar para networking, neg\u00f3cios e para a troca de conhecimentos sobre o futuro da minera\u00e7\u00e3o no Brasil.&nbsp;<\/p>","protected":false},"excerpt":{"rendered":"<p>Em reconhecimento \u00e0 significativa contribui\u00e7\u00e3o para o fortalecimento do setor de minera\u00e7\u00e3o no estado, os organizadores da Expomin\u00e9rio Disney de Paula, Pamela Alegria e Humberto Oliveira receberam na sexta-feira (12) mo\u00e7\u00f5es de aplausos na Assembleia Legislativa de Mato Grosso. A homenagem foi proposta pela deputada estadual Sheila Klener e destaca o empenho e a vis\u00e3o [&hellip;]<\/p>\n","protected":false},"author":3,"featured_media":1259,"comment_status":"open","ping_status":"open","sticky":false,"template":"","format":"standard","meta":{"_coblocks_attr":"","_coblocks_dimensions":"","_coblocks_responsive_height":"","_coblocks_accordion_ie_support":"","footnotes":""},"categories":[],"tags":[],"class_list":["post-1258","post","type-post","status-publish","format-standard","has-post-thumbnail","hentry"],"_links":{"self":[{"href":"https:\/\/expominerio.com.br\/en\/wp-json\/wp\/v2\/posts\/1258","targetHints":{"allow":["GET"]}}],"collection":[{"href":"https:\/\/expominerio.com.br\/en\/wp-json\/wp\/v2\/posts"}],"about":[{"href":"https:\/\/expominerio.com.br\/en\/wp-json\/wp\/v2\/types\/post"}],"author":[{"embeddable":true,"href":"https:\/\/expominerio.com.br\/en\/wp-json\/wp\/v2\/users\/3"}],"replies":[{"embeddable":true,"href":"https:\/\/expominerio.com.br\/en\/wp-json\/wp\/v2\/comments?post=1258"}],"version-history":[{"count":1,"href":"https:\/\/expominerio.com.br\/en\/wp-json\/wp\/v2\/posts\/1258\/revisions"}],"predecessor-version":[{"id":1260,"href":"https:\/\/expominerio.com.br\/en\/wp-json\/wp\/v2\/posts\/1258\/revisions\/1260"}],"wp:featuredmedia":[{"embeddable":true,"href":"https:\/\/expominerio.com.br\/en\/wp-json\/wp\/v2\/media\/1259"}],"wp:attachment":[{"href":"https:\/\/expominerio.com.br\/en\/wp-json\/wp\/v2\/media?parent=1258"}],"wp:term":[{"taxonomy":"category","embeddable":true,"href":"https:\/\/expominerio.com.br\/en\/wp-json\/wp\/v2\/categories?post=1258"},{"taxonomy":"post_tag","embeddable":true,"href":"https:\/\/expominerio.com.br\/en\/wp-json\/wp\/v2\/tags?post=1258"}],"curies":[{"name":"wp","href":"https:\/\/api.w.org\/{rel}","templated":true}]}}