{"id":112,"date":"2024-08-29T20:08:36","date_gmt":"2024-08-29T20:08:36","guid":{"rendered":"https:\/\/expominerio.com.br\/?p=112"},"modified":"2024-08-29T20:08:36","modified_gmt":"2024-08-29T20:08:36","slug":"1a-expominerio-consolida-mato-grosso-como-um-dos-pilares-da-mineracao-brasileira","status":"publish","type":"post","link":"https:\/\/expominerio.com.br\/en\/1a-expominerio-consolida-mato-grosso-como-um-dos-pilares-da-mineracao-brasileira\/","title":{"rendered":"1st Expomin\u00e9rio consolidates Mato Grosso as one of the pillars of Brazilian mining"},"content":{"rendered":"<p>A 1\u00aa Expomin\u00e9rio marca um momento decisivo, consolidando Mato Grosso como um dos pilares da minera\u00e7\u00e3o brasileira. Este evento destaca que o futuro deste setor vital passa, inevitavelmente, pelo cora\u00e7\u00e3o do Brasil.<\/p>\n\n\n\n<p>Sabendo do tamanho que a Minera\u00e7\u00e3o de Mato Grosso chegou at\u00e9 aqui, e tendo explorado apenas 0,5% do seu potencial mineral, j\u00e1 podemos imaginar o quanto esse setor tem a se desenvolver e trazer ganhos, tecnol\u00f3gicos, sociais e econ\u00f4micos para o estado.<\/p>\n\n\n\n<p>A Expomin\u00e9rio nasceu da necessidade de unir o setor e enfrentar corajosamente os desafios, especialmente na defesa de uma minera\u00e7\u00e3o frequentemente mal interpretada. Mato Grosso se destaca por sua vasta extens\u00e3o e pela rica diversidade de min\u00e9rios, indicando que ainda h\u00e1 muito a ser descoberto.<\/p>\n\n\n\n<p>Estamos confiantes de que a Expomin\u00e9rio ser\u00e1 um marco, alterando percep\u00e7\u00f5es e iluminando o caminho para o futuro do setor. Estamos profundamente gratos pela acolhida calorosa de Cuiab\u00e1 e gostar\u00edamos de expressar nossa sincera gratid\u00e3o \u00e0 equipe organizadora \u2013 Disney de Paula, Humberto Paiva e Pamela Alegria \u2013 cuja coragem e determina\u00e7\u00e3o foram essenciais para tornar este evento poss\u00edvel.<\/p>\n\n\n\n<p>Um agradecimento especial ao nosso patrono, Deputado Max Russi, por seu apoio incondicional e compreens\u00e3o das necessidades do setor, e a Levi Salies Filho, Gerente Regional da ANM em Mato Grosso, por ser um grande incentivador e entusiasta da minera\u00e7\u00e3o.<\/p>\n\n\n\n<p>Nosso reconhecimento tamb\u00e9m vai para a C\u00e2mara Setorial Tem\u00e1tica de Minera\u00e7\u00e3o da Assembleia Legislativa de Mato Grosso e sua equipe pelo apoio cont\u00ednuo, bem como a Juliano Jorge, presidente da Metamat, e ao Presidente da Frente Parlamentar de Minera\u00e7\u00e3o Sustent\u00e1vel, Jos\u00e9 Silva \u2013 Deputado Federal por Minas Gerais, por impulsionar discuss\u00f5es e iniciativas em favor da minera\u00e7\u00e3o brasileira. * Pamela Alegria \u00e9 advogada especialista em Direito Miner\u00e1rio e Direito Mineral, Organizadora da Expomin\u00e9rio.<\/p>\n\n\n\n<p><\/p>","protected":false},"excerpt":{"rendered":"<p>A 1\u00aa Expomin\u00e9rio marca um momento decisivo, consolidando Mato Grosso como um dos pilares da minera\u00e7\u00e3o brasileira. Este evento destaca que o futuro deste setor vital passa, inevitavelmente, pelo cora\u00e7\u00e3o do Brasil. Sabendo do tamanho que a Minera\u00e7\u00e3o de Mato Grosso chegou at\u00e9 aqui, e tendo explorado apenas 0,5% do seu potencial mineral, j\u00e1 podemos [&hellip;]<\/p>\n","protected":false},"author":1,"featured_media":113,"comment_status":"open","ping_status":"open","sticky":false,"template":"","format":"standard","meta":{"_coblocks_attr":"","_coblocks_dimensions":"","_coblocks_responsive_height":"","_coblocks_accordion_ie_support":"","footnotes":""},"categories":[],"tags":[],"class_list":["post-112","post","type-post","status-publish","format-standard","has-post-thumbnail","hentry"],"_links":{"self":[{"href":"https:\/\/expominerio.com.br\/en\/wp-json\/wp\/v2\/posts\/112","targetHints":{"allow":["GET"]}}],"collection":[{"href":"https:\/\/expominerio.com.br\/en\/wp-json\/wp\/v2\/posts"}],"about":[{"href":"https:\/\/expominerio.com.br\/en\/wp-json\/wp\/v2\/types\/post"}],"author":[{"embeddable":true,"href":"https:\/\/expominerio.com.br\/en\/wp-json\/wp\/v2\/users\/1"}],"replies":[{"embeddable":true,"href":"https:\/\/expominerio.com.br\/en\/wp-json\/wp\/v2\/comments?post=112"}],"version-history":[{"count":1,"href":"https:\/\/expominerio.com.br\/en\/wp-json\/wp\/v2\/posts\/112\/revisions"}],"predecessor-version":[{"id":114,"href":"https:\/\/expominerio.com.br\/en\/wp-json\/wp\/v2\/posts\/112\/revisions\/114"}],"wp:featuredmedia":[{"embeddable":true,"href":"https:\/\/expominerio.com.br\/en\/wp-json\/wp\/v2\/media\/113"}],"wp:attachment":[{"href":"https:\/\/expominerio.com.br\/en\/wp-json\/wp\/v2\/media?parent=112"}],"wp:term":[{"taxonomy":"category","embeddable":true,"href":"https:\/\/expominerio.com.br\/en\/wp-json\/wp\/v2\/categories?post=112"},{"taxonomy":"post_tag","embeddable":true,"href":"https:\/\/expominerio.com.br\/en\/wp-json\/wp\/v2\/tags?post=112"}],"curies":[{"name":"wp","href":"https:\/\/api.w.org\/{rel}","templated":true}]}}