{"id":109,"date":"2024-08-29T20:02:41","date_gmt":"2024-08-29T20:02:41","guid":{"rendered":"https:\/\/expominerio.com.br\/?p=109"},"modified":"2024-08-29T20:02:41","modified_gmt":"2024-08-29T20:02:41","slug":"autoridades-politicas-prestigiam-a-abertura-da-1a-expominerio","status":"publish","type":"post","link":"https:\/\/expominerio.com.br\/en\/autoridades-politicas-prestigiam-a-abertura-da-1a-expominerio\/","title":{"rendered":"Political authorities attend the opening of the 1st Expomin\u00e9rio"},"content":{"rendered":"<p>Diversas autoridades pol\u00edticas mato-grossenses e nacionais &nbsp;participaram na cerim\u00f4nia de abertura da 1\u00aa Expomin\u00e9rio, que teve in\u00edcio na manh\u00e3 desta quinta-feira (16).&nbsp; A abertura do evento foi realizada pelo deputado estadual Max Russi (PSB)&nbsp; que falou &nbsp;sobre a import\u00e2ncia da minera\u00e7\u00e3o para a economia do Estado e para o nosso dia-a-dia.\u201cOs produtos s\u00e3o imprescind\u00edveis para a tecnologia e &nbsp;no desenvolvimento da agricultura, por exemplo. A v\u00e3o al\u00e9m do ouro, na minha regi\u00e3o temos a explora\u00e7\u00e3o da \u00e1gua mineral, produto essencial para a vida\u201d, afirmou Russi, que \u00e9 autor da C\u00e2mara Setorial Tem\u00e1tica da Minera\u00e7\u00e3o na Assembleia Legislativa de Mato Grosso.<\/p>\n\n\n\n<p>Presidente da Frente Parlamentar da Minera\u00e7\u00e3o Sustent\u00e1vel, deputado federal &nbsp;mineiro Z\u00e9 Silva (Solidariedade)&nbsp; destacou a import\u00e2ncia do fortalecimento da pequena minera\u00e7\u00e3o.<\/p>\n\n\n\n<p>O senador Wellington Fagundes (PL), a deputada federal Gisela Simona (Uni\u00e3o), o deputado estadual Gilmar Miranda (Cidadania) tamb\u00e9m estiveram presentes a abertura da 1\u00aa Expomin\u00e9rio.<\/p>","protected":false},"excerpt":{"rendered":"<p>Diversas autoridades pol\u00edticas mato-grossenses e nacionais &nbsp;participaram na cerim\u00f4nia de abertura da 1\u00aa Expomin\u00e9rio, que teve in\u00edcio na manh\u00e3 desta quinta-feira (16).&nbsp; A abertura do evento foi realizada pelo deputado estadual Max Russi (PSB)&nbsp; que falou &nbsp;sobre a import\u00e2ncia da minera\u00e7\u00e3o para a economia do Estado e para o nosso dia-a-dia.\u201cOs produtos s\u00e3o imprescind\u00edveis para [&hellip;]<\/p>\n","protected":false},"author":1,"featured_media":110,"comment_status":"open","ping_status":"open","sticky":false,"template":"","format":"standard","meta":{"_coblocks_attr":"","_coblocks_dimensions":"","_coblocks_responsive_height":"","_coblocks_accordion_ie_support":"","footnotes":""},"categories":[],"tags":[],"class_list":["post-109","post","type-post","status-publish","format-standard","has-post-thumbnail","hentry"],"_links":{"self":[{"href":"https:\/\/expominerio.com.br\/en\/wp-json\/wp\/v2\/posts\/109","targetHints":{"allow":["GET"]}}],"collection":[{"href":"https:\/\/expominerio.com.br\/en\/wp-json\/wp\/v2\/posts"}],"about":[{"href":"https:\/\/expominerio.com.br\/en\/wp-json\/wp\/v2\/types\/post"}],"author":[{"embeddable":true,"href":"https:\/\/expominerio.com.br\/en\/wp-json\/wp\/v2\/users\/1"}],"replies":[{"embeddable":true,"href":"https:\/\/expominerio.com.br\/en\/wp-json\/wp\/v2\/comments?post=109"}],"version-history":[{"count":1,"href":"https:\/\/expominerio.com.br\/en\/wp-json\/wp\/v2\/posts\/109\/revisions"}],"predecessor-version":[{"id":111,"href":"https:\/\/expominerio.com.br\/en\/wp-json\/wp\/v2\/posts\/109\/revisions\/111"}],"wp:featuredmedia":[{"embeddable":true,"href":"https:\/\/expominerio.com.br\/en\/wp-json\/wp\/v2\/media\/110"}],"wp:attachment":[{"href":"https:\/\/expominerio.com.br\/en\/wp-json\/wp\/v2\/media?parent=109"}],"wp:term":[{"taxonomy":"category","embeddable":true,"href":"https:\/\/expominerio.com.br\/en\/wp-json\/wp\/v2\/categories?post=109"},{"taxonomy":"post_tag","embeddable":true,"href":"https:\/\/expominerio.com.br\/en\/wp-json\/wp\/v2\/tags?post=109"}],"curies":[{"name":"wp","href":"https:\/\/api.w.org\/{rel}","templated":true}]}}